{"id":6012,"date":"2019-03-01T19:06:10","date_gmt":"2019-03-01T17:06:10","guid":{"rendered":"https:\/\/centers.ulbsibiu.ro\/ccsprise\/lact\/?p=6012"},"modified":"2019-03-01T19:06:10","modified_gmt":"2019-03-01T17:06:10","slug":"voceabasarabiei-md-avertizare-rusia-ar-putea-fi-antrenata-in-conflict-in-transnistria","status":"publish","type":"post","link":"https:\/\/centers.ulbsibiu.ro\/ccsprise\/lact\/voceabasarabiei-md-avertizare-rusia-ar-putea-fi-antrenata-in-conflict-in-transnistria\/","title":{"rendered":"Voceabasarabiei.md &#8211; Avertizare: Rusia ar putea fi antrenat\u0103 \u00een conflict \u00een Transnistria"},"content":{"rendered":"<p>Transnistria poate fi locul \u00een care Rusia ar putea fi antrenat\u0103 iar\u0103\u015fi \u00eentr-un conflict, dar Rusia nu va l\u0103sa nicidecum Transnistria.<\/p>\n<div id=\"articleBody\" class=\"psztju-6 cyzsUK\">\n<p>Despre aceasta a declarat, \u00een ajun, analistul politic rus \u015fi prezentatorul TV Serghei Miheev \u00een timpul unei teleconferin\u0163e cu studen\u0163ii \u015fi profesorii Universit\u0103\u0163ii din Transnistria, transmite\u00a0<a href=\"http:\/\/www.infotag.md\/\" target=\"_blank\" rel=\"noopener noreferrer\">Infotag<\/a>.<\/p>\n<p>\u00cen discursul s\u0103u, el a \u00eencercat s\u0103 clarifice &#8220;de ce rela\u0163iile dintre Rusia \u015fi Occident au fost \u00een conflict de secole \u015fi cum acest lucru se r\u0103sfr\u00e2nge inclusiv asupra situa\u0163iei din Transnistria&#8221;.<\/p>\n<p>Potrivit lui Miheev, Rusia &#8220;joac\u0103 unul dintre rolurile principale de pe planet\u0103 \u015fi nu va cere Occidentului permisiunea de a tr\u0103i \u015fi de a continua politica pe care o consider\u0103 necesar\u0103&#8221;.<\/p>\n<p>&#8220;Rusia nu va renun\u0163a la Transnistria. Mai ales c\u0103 va trebui s\u0103 r\u0103spund\u0103 la orice provocare militar\u0103. Provocarea recent\u0103 din str\u00e2mtoarea Kerci a ar\u0103tat clar c\u0103 nu vom acorda dreptul de a juca dup\u0103 reguli str\u0103ine pe teritoriul nostru.<\/p>\n<p>Sprijinul Transnistriei este unul dintre factorii intereselor noastre na\u0163ionale \u00een aceast\u0103 regiune, iar \u00eencercarea de a rezolva conflictul pe cale militar\u0103 va duce la o reac\u0163ie puternic\u0103 din partea Rusiei&#8221;, a subliniat el.<\/p>\n<p>Coment\u00e2nd tentativele actuale ale autorit\u0103\u0163ilor moldovene\u015fti de a &#8220;alunga pacificatorii ru\u015fi din Transnistria \u015fi de a-i \u00eenlocui cu observatori civili sub mandat interna\u0163ional&#8221;, politologul a spus c\u0103 &#8220;Rusia nu va accepta retragerea pacificatorilor&#8221;.<\/p>\n<\/div>\n<div class=\"google-auto-placed ap_container\"><\/div>\n<div>Sursa:\u00a0<a href=\"https:\/\/voceabasarabiei.md\/politic\/item\/11460-avertizare-rusia-ar-putea-fi-antrenata-in-conflict-in-transnistria\">https:\/\/voceabasarabiei.md\/<\/a><\/div>\n","protected":false},"excerpt":{"rendered":"<p>Transnistria poate fi locul \u00een care Rusia ar putea fi antrenat\u0103 iar\u0103\u015fi \u00eentr-un conflict, dar Rusia nu va l\u0103sa nicidecum Transnistria. Despre aceasta a declarat, \u00een ajun, analistul politic rus \u015fi prezentatorul TV Serghei Miheev \u00een timpul unei teleconferin\u0163e cu studen\u0163ii \u015fi profesorii Universit\u0103\u0163ii din Transnistria, transmite\u00a0Infotag. \u00cen discursul s\u0103u, el a \u00eencercat s\u0103 clarifice&#8230;<\/p>\n","protected":false},"author":2,"featured_media":0,"comment_status":"closed","ping_status":"open","sticky":false,"template":"","format":"standard","meta":[],"categories":[1],"tags":[],"_links":{"self":[{"href":"https:\/\/centers.ulbsibiu.ro\/ccsprise\/lact\/wp-json\/wp\/v2\/posts\/6012"}],"collection":[{"href":"https:\/\/centers.ulbsibiu.ro\/ccsprise\/lact\/wp-json\/wp\/v2\/posts"}],"about":[{"href":"https:\/\/centers.ulbsibiu.ro\/ccsprise\/lact\/wp-json\/wp\/v2\/types\/post"}],"author":[{"embeddable":true,"href":"https:\/\/centers.ulbsibiu.ro\/ccsprise\/lact\/wp-json\/wp\/v2\/users\/2"}],"replies":[{"embeddable":true,"href":"https:\/\/centers.ulbsibiu.ro\/ccsprise\/lact\/wp-json\/wp\/v2\/comments?post=6012"}],"version-history":[{"count":1,"href":"https:\/\/centers.ulbsibiu.ro\/ccsprise\/lact\/wp-json\/wp\/v2\/posts\/6012\/revisions"}],"predecessor-version":[{"id":6013,"href":"https:\/\/centers.ulbsibiu.ro\/ccsprise\/lact\/wp-json\/wp\/v2\/posts\/6012\/revisions\/6013"}],"wp:attachment":[{"href":"https:\/\/centers.ulbsibiu.ro\/ccsprise\/lact\/wp-json\/wp\/v2\/media?parent=6012"}],"wp:term":[{"taxonomy":"category","embeddable":true,"href":"https:\/\/centers.ulbsibiu.ro\/ccsprise\/lact\/wp-json\/wp\/v2\/categories?post=6012"},{"taxonomy":"post_tag","embeddable":true,"href":"https:\/\/centers.ulbsibiu.ro\/ccsprise\/lact\/wp-json\/wp\/v2\/tags?post=6012"}],"curies":[{"name":"wp","href":"https:\/\/api.w.org\/{rel}","templated":true}]}}