{"id":6010,"date":"2019-03-01T19:02:23","date_gmt":"2019-03-01T17:02:23","guid":{"rendered":"https:\/\/centers.ulbsibiu.ro\/ccsprise\/lact\/?p=6010"},"modified":"2019-03-01T19:02:23","modified_gmt":"2019-03-01T17:02:23","slug":"gov-md-actiunile-provocatoare-ale-tiraspolului-semnalate-la-comisia-unificata-de-control","status":"publish","type":"post","link":"https:\/\/centers.ulbsibiu.ro\/ccsprise\/lact\/gov-md-actiunile-provocatoare-ale-tiraspolului-semnalate-la-comisia-unificata-de-control\/","title":{"rendered":"Gov.md &#8211; Ac\u021biunile provocatoare ale Tiraspolului semnalate la Comisia Unificat\u0103 de Control"},"content":{"rendered":"<p>La \u0219edin\u021ba Comisiei Unificate de Control (CUC) din 28 februarie, at\u00e2t \u00a0Delega\u021bia Republicii Moldova, c\u00e2t \u0219i reprezentan\u021bii Misiunii OSCE au prezentat multiple cazuri de \u00eenc\u0103lcare a regimului Zonei de Securitate de c\u0103tre structurile de for\u021b\u0103 transnistrene \u00een perioada campaniei electorale, precum \u0219i \u00een ziua desf\u0103\u0219ur\u0103rii scrutinului electoral.<\/p>\n<p>P\u0103r\u021bilor li s-a atras aten\u021bia c\u0103, de\u0219i \u00een prealabil au existat asigur\u0103ri reciproce de a se ab\u021bine de la ac\u021biuni provocatoare care ar perturba desf\u0103\u0219urarea alegerilor parlamentare, spre regret, cazurile semnalate denot\u0103 contrariul. \u00a0\u00cen acest sens, au fost transmise demersuri, cu anexarea materialelor confirmative privind \u00eenc\u0103lc\u0103rile comise. Declara\u021bia delega\u021biei Republicii Moldova poate fi citit\u0103 <a href=\"https:\/\/gov.md\/sites\/default\/files\/declaratia_del_rm.pdf\" target=\"_blank\" rel=\"noopener\">aici.<\/a><\/p>\n<p>Abaterile \u00eenregistrate \u00een perioada de referin\u021b\u0103 au debutat cu re\u021binerea la data de 21 februarie curent de c\u0103tre \u201egr\u0103nicerii\u201d transnistreni a personalului sec\u021biei de votare 48\/10 \u0219i examinarea abuziv\u0103 a dispozitivelor tehnice acordate de c\u0103tre Comisia Electoral\u0103 Central\u0103 \u00een scopuri de serviciu. \u00cen aceea\u0219i zi, reprezentan\u021bii Misiunii OSCE, \u00eentre or. Bender \u0219i satul Varni\u021ba, au stabilit un post mobil de \u201egr\u0103niceri\u201d transnistreni, nefiind reflectat \u00een raport de c\u0103tre observatorii militari din motivul tergivers\u0103rii de c\u0103tre partea transnistrean\u0103 a deplas\u0103rii acestora la fa\u021ba locului.<\/p>\n<p>\u00cenc\u0103lc\u0103rile au continuat nemijlocit \u0219i \u00een ziua scrutinului electoral, prin instalarea posturilor mobile de \u201egr\u0103niceri\u201d \u00een satul Corjova, \u00een adiacentul satului Varni\u021ba, precum \u0219i prin blocarea trecerii la intrarea \u00een or. Bender a func\u021bionarilor electorali ce transportau urna mobil\u0103 \u00een institu\u021biile penitenciare din subordinea Administra\u021biei Na\u021bionale a Penitenciarelor, amplasate \u00een localitate.<\/p>\n<p>Delega\u021bia Republicii Moldova atrage aten\u021bia c\u0103, abuzurile \u00een cauz\u0103 sunt tolerate \u0219i nu sunt documentate corespunz\u0103tor din cauza atitudinii neconstructive a reprezentan\u021bilor militari ai regiunii transnistrene \u0219i Federa\u021biei Ruse, care blocheaz\u0103 activitatea observatorilor militari.<\/p>\n<p>De asemenea, membrii Comisiei au audiat moderatorii grupurilor de lucru cu privire la activit\u0103\u021bile \u00eentreprinse \u0219i cele convenite pe durata \u0219edin\u021belor din 26 februarie, fiind planificate urm\u0103toarele \u00eentruniri pentru ziua de 12 martie.<\/p>\n<p>\u00cen contextul evenimentelor consacrate Zilei Memoriei (2 martie), delega\u021bia Republicii Moldova a f\u0103cut apel c\u0103tre p\u0103r\u021bi de a se ab\u021bine de la orice ac\u021biuni cu tent\u0103 provocatoare, f\u0103r\u0103 a recurge la o suplimentare a efectivului organelor de for\u021b\u0103 \u00een Zona de Securitate.<\/p>\n<p>&nbsp;<\/p>\n<p>Delega\u021bia Republicii Moldova \u00een Comisia Unificat\u0103 de Control<\/p>\n<p>&nbsp;<\/p>\n<p>Sursa:\u00a0<a href=\"https:\/\/gov.md\/ro\/content\/actiunile-provocatoare-ale-tiraspolului-semnalate-la-comisia-unificata-de-control\">https:\/\/gov.md\/<\/a><\/p>\n","protected":false},"excerpt":{"rendered":"<p>La \u0219edin\u021ba Comisiei Unificate de Control (CUC) din 28 februarie, at\u00e2t \u00a0Delega\u021bia Republicii Moldova, c\u00e2t \u0219i reprezentan\u021bii Misiunii OSCE au prezentat multiple cazuri de \u00eenc\u0103lcare a regimului Zonei de Securitate de c\u0103tre structurile de for\u021b\u0103 transnistrene \u00een perioada campaniei electorale, precum \u0219i \u00een ziua desf\u0103\u0219ur\u0103rii scrutinului electoral. P\u0103r\u021bilor li s-a atras aten\u021bia c\u0103, de\u0219i \u00een&#8230;<\/p>\n","protected":false},"author":2,"featured_media":0,"comment_status":"closed","ping_status":"open","sticky":false,"template":"","format":"standard","meta":[],"categories":[1],"tags":[],"_links":{"self":[{"href":"https:\/\/centers.ulbsibiu.ro\/ccsprise\/lact\/wp-json\/wp\/v2\/posts\/6010"}],"collection":[{"href":"https:\/\/centers.ulbsibiu.ro\/ccsprise\/lact\/wp-json\/wp\/v2\/posts"}],"about":[{"href":"https:\/\/centers.ulbsibiu.ro\/ccsprise\/lact\/wp-json\/wp\/v2\/types\/post"}],"author":[{"embeddable":true,"href":"https:\/\/centers.ulbsibiu.ro\/ccsprise\/lact\/wp-json\/wp\/v2\/users\/2"}],"replies":[{"embeddable":true,"href":"https:\/\/centers.ulbsibiu.ro\/ccsprise\/lact\/wp-json\/wp\/v2\/comments?post=6010"}],"version-history":[{"count":1,"href":"https:\/\/centers.ulbsibiu.ro\/ccsprise\/lact\/wp-json\/wp\/v2\/posts\/6010\/revisions"}],"predecessor-version":[{"id":6011,"href":"https:\/\/centers.ulbsibiu.ro\/ccsprise\/lact\/wp-json\/wp\/v2\/posts\/6010\/revisions\/6011"}],"wp:attachment":[{"href":"https:\/\/centers.ulbsibiu.ro\/ccsprise\/lact\/wp-json\/wp\/v2\/media?parent=6010"}],"wp:term":[{"taxonomy":"category","embeddable":true,"href":"https:\/\/centers.ulbsibiu.ro\/ccsprise\/lact\/wp-json\/wp\/v2\/categories?post=6010"},{"taxonomy":"post_tag","embeddable":true,"href":"https:\/\/centers.ulbsibiu.ro\/ccsprise\/lact\/wp-json\/wp\/v2\/tags?post=6010"}],"curies":[{"name":"wp","href":"https:\/\/api.w.org\/{rel}","templated":true}]}}