{"id":6008,"date":"2019-02-28T19:41:19","date_gmt":"2019-02-28T17:41:19","guid":{"rendered":"https:\/\/centers.ulbsibiu.ro\/ccsprise\/lact\/?p=6008"},"modified":"2019-02-28T19:41:19","modified_gmt":"2019-02-28T17:41:19","slug":"noi-md-ce-au-discutat-la-tiraspol-reprezentantii-transnistriei-si-sua","status":"publish","type":"post","link":"https:\/\/centers.ulbsibiu.ro\/ccsprise\/lact\/noi-md-ce-au-discutat-la-tiraspol-reprezentantii-transnistriei-si-sua\/","title":{"rendered":"Noi.md &#8211; Ce au discutat, la Tiraspol, reprezentan\u021bii Transnistriei \u0219i SUA?"},"content":{"rendered":"<p>Ministerul de Externe al RMN nerecunoscute a g\u0103zduit o \u00eentrevedere \u00eentre ministrul Afacerilor Externe al Transnistriei, Vitali Ignatiev, \u015fi \u0219eful adjunct al Ambasadei SUA \u00een Moldova, Martin McDowell, transmite Noi.md.Potrivit MAE-ului transnistrean, \u00een cadrul \u00eentrevederii, interlocutorii au discutat despre situa\u021bia actual\u0103 \u00een procesul de negocieri dintre Chi\u0219in\u0103u \u0219i Tiraspol, \u00een special despre perspectivele de dep\u0103\u0219ire a pauzei \u00een dialog \u00een contextul alegerilor parlamentare din Moldova.<\/p>\n<p>Krasnoselski s-a \u00eent\u00eelnit cu ambasadorul SUAMinistrul de externe al RMN nerecunoscute a subliniat necesitatea ca p\u0103r\u021bile s\u0103 execute \u00een mod responsabil acordurile deja semnate, inclusiv cele ce vizeaz\u0103 telecomunica\u021biile \u0219i clasarea cauzelor penale motivate politic \u00eempotriva cet\u0103\u021benilor Transnistriei.<\/p>\n<p>La finalul \u00eentrevederii, Vitali Ignatiev a exprimat disponibilitatea p\u0103r\u021bii transnistrene de a continua practica schimbului direct de opinii pe o gam\u0103 larg\u0103 de probleme de actualitate.<\/p>\n<p>Cite\u0219te mai mult: <a href=\"https:\/\/noi.md\/md\/politica\/ce-au-discutat-la-tiraspol-reprezentantii-transnistriei-si-sua\">https:\/\/noi.md\/md\/politica\/ce-au-discutat-la-tiraspol-reprezentantii-transnistriei-si-sua<\/a><br \/>\nFacebook: <a href=\"https:\/\/www.facebook.com\/NOI.md\/\">NOI.md<\/a> | Odnoklassniki: <a href=\"https:\/\/www.ok.ru\/noi.moldova\">Noi.Moldova<\/a><\/p>\n","protected":false},"excerpt":{"rendered":"<p>Ministerul de Externe al RMN nerecunoscute a g\u0103zduit o \u00eentrevedere \u00eentre ministrul Afacerilor Externe al Transnistriei, Vitali Ignatiev, \u015fi \u0219eful adjunct al Ambasadei SUA \u00een Moldova, Martin McDowell, transmite Noi.md.Potrivit MAE-ului transnistrean, \u00een cadrul \u00eentrevederii, interlocutorii au discutat despre situa\u021bia actual\u0103 \u00een procesul de negocieri dintre Chi\u0219in\u0103u \u0219i Tiraspol, \u00een special despre perspectivele de dep\u0103\u0219ire&#8230;<\/p>\n","protected":false},"author":2,"featured_media":0,"comment_status":"closed","ping_status":"open","sticky":false,"template":"","format":"standard","meta":[],"categories":[1],"tags":[],"_links":{"self":[{"href":"https:\/\/centers.ulbsibiu.ro\/ccsprise\/lact\/wp-json\/wp\/v2\/posts\/6008"}],"collection":[{"href":"https:\/\/centers.ulbsibiu.ro\/ccsprise\/lact\/wp-json\/wp\/v2\/posts"}],"about":[{"href":"https:\/\/centers.ulbsibiu.ro\/ccsprise\/lact\/wp-json\/wp\/v2\/types\/post"}],"author":[{"embeddable":true,"href":"https:\/\/centers.ulbsibiu.ro\/ccsprise\/lact\/wp-json\/wp\/v2\/users\/2"}],"replies":[{"embeddable":true,"href":"https:\/\/centers.ulbsibiu.ro\/ccsprise\/lact\/wp-json\/wp\/v2\/comments?post=6008"}],"version-history":[{"count":1,"href":"https:\/\/centers.ulbsibiu.ro\/ccsprise\/lact\/wp-json\/wp\/v2\/posts\/6008\/revisions"}],"predecessor-version":[{"id":6009,"href":"https:\/\/centers.ulbsibiu.ro\/ccsprise\/lact\/wp-json\/wp\/v2\/posts\/6008\/revisions\/6009"}],"wp:attachment":[{"href":"https:\/\/centers.ulbsibiu.ro\/ccsprise\/lact\/wp-json\/wp\/v2\/media?parent=6008"}],"wp:term":[{"taxonomy":"category","embeddable":true,"href":"https:\/\/centers.ulbsibiu.ro\/ccsprise\/lact\/wp-json\/wp\/v2\/categories?post=6008"},{"taxonomy":"post_tag","embeddable":true,"href":"https:\/\/centers.ulbsibiu.ro\/ccsprise\/lact\/wp-json\/wp\/v2\/tags?post=6008"}],"curies":[{"name":"wp","href":"https:\/\/api.w.org\/{rel}","templated":true}]}}