{"id":6006,"date":"2019-02-28T19:36:53","date_gmt":"2019-02-28T17:36:53","guid":{"rendered":"https:\/\/centers.ulbsibiu.ro\/ccsprise\/lact\/?p=6006"},"modified":"2019-02-28T19:36:53","modified_gmt":"2019-02-28T17:36:53","slug":"infotag-md-seful-misiunii-osce-in-moldova-a-discutat-la-tiraspol-situatia-in-procesul-de-negocieri","status":"publish","type":"post","link":"https:\/\/centers.ulbsibiu.ro\/ccsprise\/lact\/infotag-md-seful-misiunii-osce-in-moldova-a-discutat-la-tiraspol-situatia-in-procesul-de-negocieri\/","title":{"rendered":"Infotag.md &#8211; \u015eEFUL MISIUNII OSCE \u00ceN MOLDOVA A DISCUTAT LA TIRASPOL SITUA\u0162IA \u00ceN PROCESUL DE NEGOCIERI"},"content":{"rendered":"<p>Situa\u021bia \u00een procesul de negocieri \u00eentre Moldova \u0219i Transnistria \u0219i evenimentele politice actuale au fost discutate joi, la Tiraspol, \u00een cadrul unei \u00eentrevederi a \u0219efului Misiunii OSCE \u00een Moldova, Claus Neukirch, cu ministrul afacerilor externe al autoproclamatei RMN, Vitalii Ignatiev.<br \/>\nPotrivit agen\u0163iei INFOTAG cu referire la site-ul MAE al regiunii, Ignatiev a spus c\u0103 Transnistria \u201eurm\u0103re\u015fte cu aten\u0163ie situa\u021bia politic\u0103 din Moldova \u0219i sper\u0103 c\u0103 \u00een cur\u00e2nd vor fi formate organele de conducere ale \u0163\u0103rii dup\u0103 alegerile parlamentare din 24 februarie\u201d.<br \/>\n\u201ePartea transnistrean\u0103 este interesat\u0103 de \u00eencheierea pa\u0219nic\u0103 a ciclului electoral \u00een Moldova \u0219i este concentrat\u0103 pe dep\u0103\u0219irea pauzei \u00een dialogul cu reprezentan\u021bii RM la masa de negocieri\u201d, a subliniat el.<br \/>\nPrincipalul negociator al Transnistriei a men\u0163ionat \u201enatura sistematic\u0103 \u0219i regulat\u0103 a contactelor cu Misiunea OSCE\u201d, precum \u0219i \u201eata\u015famentul reciproc de a valorifica pe deplin poten\u021bialul procesului de negocieri\u201d.<\/p>\n<p>Sursa:\u00a0<a href=\"http:\/\/www.infotag.md\/rebelion-ro\/273011\/\">http:\/\/www.infotag.md\/<\/a><\/p>\n","protected":false},"excerpt":{"rendered":"<p>Situa\u021bia \u00een procesul de negocieri \u00eentre Moldova \u0219i Transnistria \u0219i evenimentele politice actuale au fost discutate joi, la Tiraspol, \u00een cadrul unei \u00eentrevederi a \u0219efului Misiunii OSCE \u00een Moldova, Claus Neukirch, cu ministrul afacerilor externe al autoproclamatei RMN, Vitalii Ignatiev. Potrivit agen\u0163iei INFOTAG cu referire la site-ul MAE al regiunii, Ignatiev a spus c\u0103 Transnistria&#8230;<\/p>\n","protected":false},"author":2,"featured_media":0,"comment_status":"closed","ping_status":"open","sticky":false,"template":"","format":"standard","meta":[],"categories":[1],"tags":[],"_links":{"self":[{"href":"https:\/\/centers.ulbsibiu.ro\/ccsprise\/lact\/wp-json\/wp\/v2\/posts\/6006"}],"collection":[{"href":"https:\/\/centers.ulbsibiu.ro\/ccsprise\/lact\/wp-json\/wp\/v2\/posts"}],"about":[{"href":"https:\/\/centers.ulbsibiu.ro\/ccsprise\/lact\/wp-json\/wp\/v2\/types\/post"}],"author":[{"embeddable":true,"href":"https:\/\/centers.ulbsibiu.ro\/ccsprise\/lact\/wp-json\/wp\/v2\/users\/2"}],"replies":[{"embeddable":true,"href":"https:\/\/centers.ulbsibiu.ro\/ccsprise\/lact\/wp-json\/wp\/v2\/comments?post=6006"}],"version-history":[{"count":1,"href":"https:\/\/centers.ulbsibiu.ro\/ccsprise\/lact\/wp-json\/wp\/v2\/posts\/6006\/revisions"}],"predecessor-version":[{"id":6007,"href":"https:\/\/centers.ulbsibiu.ro\/ccsprise\/lact\/wp-json\/wp\/v2\/posts\/6006\/revisions\/6007"}],"wp:attachment":[{"href":"https:\/\/centers.ulbsibiu.ro\/ccsprise\/lact\/wp-json\/wp\/v2\/media?parent=6006"}],"wp:term":[{"taxonomy":"category","embeddable":true,"href":"https:\/\/centers.ulbsibiu.ro\/ccsprise\/lact\/wp-json\/wp\/v2\/categories?post=6006"},{"taxonomy":"post_tag","embeddable":true,"href":"https:\/\/centers.ulbsibiu.ro\/ccsprise\/lact\/wp-json\/wp\/v2\/tags?post=6006"}],"curies":[{"name":"wp","href":"https:\/\/api.w.org\/{rel}","templated":true}]}}