{"id":5998,"date":"2019-02-28T17:53:17","date_gmt":"2019-02-28T15:53:17","guid":{"rendered":"https:\/\/centers.ulbsibiu.ro\/ccsprise\/lact\/?p=5998"},"modified":"2019-02-28T17:55:55","modified_gmt":"2019-02-28T15:55:55","slug":"cateva-fragmente-din-memoria-voluntarului-mihail-turcanu-combatant-in-razboiul-de-la-nistru","status":"publish","type":"post","link":"https:\/\/centers.ulbsibiu.ro\/ccsprise\/lact\/cateva-fragmente-din-memoria-voluntarului-mihail-turcanu-combatant-in-razboiul-de-la-nistru\/","title":{"rendered":"C\u00e2teva fragmente din memoria voluntarului Mihail \u021aurcanu, combatant \u00een r\u0103zboiul de la Nistru"},"content":{"rendered":"<p><em>Domnul Mihail Afanasie \u021aurcanu s-a n\u0103scut \u00een data de 04.09.1953, \u00een ora\u0219ul Cahul. \u00cen perioada anilor 1960-1970 a studiat la \u0218coala medie Nr. 8 din ora\u0219ul Cahul. \u00cen anul 1971 a fost recrutat \u00een For\u021bele Armate ale Uniunii Sovietice, unde \u0219i-a \u00eendeplinit serviciul militar p\u00e2n\u0103 \u00een anul 1973. \u00cen perioada anilor 1974-1980 a urmat studii la \u201eInstitutul Politehnic din Chi\u0219in\u0103u\u201d (ast\u0103zi \u2013\u201eUniversitatea Tehnic\u0103 a Moldovei\u201d) specializarea inginer-mecanic. Din 1984 lucreaz\u0103 la S.A. \u201eIncomlac\u201d din municipiul B\u0103l\u021bi, \u00eendeplinind diferite func\u021bii. \u00cen prezent este \u0219ef de sec\u021bie.<\/em><\/p>\n<div id=\"attachment_5999\" style=\"width: 226px\" class=\"wp-caption aligncenter\"><img aria-describedby=\"caption-attachment-5999\" loading=\"lazy\" class=\"size-medium wp-image-5999\" src=\"https:\/\/centers.ulbsibiu.ro\/ccsprise\/lact\/wp-content\/uploads\/2019\/02\/aprilie-1992-216x300.jpg\" alt=\"\" width=\"216\" height=\"300\" srcset=\"https:\/\/centers.ulbsibiu.ro\/ccsprise\/lact\/wp-content\/uploads\/2019\/02\/aprilie-1992-216x300.jpg 216w, https:\/\/centers.ulbsibiu.ro\/ccsprise\/lact\/wp-content\/uploads\/2019\/02\/aprilie-1992.jpg 691w\" sizes=\"(max-width: 216px) 100vw, 216px\" \/><p id=\"caption-attachment-5999\" class=\"wp-caption-text\"><em><strong>Mihail \u021aurcanu &#8211; aprilie 1992<\/strong><\/em><\/p><\/div>\n<p><strong>\u00a0<\/strong><\/p>\n<ol>\n<li><strong>Cum <\/strong><strong>a<\/strong><strong>\u021bi v\u0103zut situa\u021bia \u00een \u021bar\u0103 la \u00eenceputul anului 1992 odat\u0103 cu escaladarea conflictului din regiunea transnistrean\u0103? <\/strong><\/li>\n<\/ol>\n<p>S-a observat o revoltare a popula\u021biei, \u00een special \u0219i inten\u021bionat din partea tineretului de v\u00e2rsta 20-25 ani. Noaptea era periculos s\u0103 te deplasezi singur pe strad\u0103, deoarece puteai s\u0103 fii atacat de necunoscu\u021bi f\u0103r\u0103 nici o explica\u021bie sau justificare.<\/p>\n<p>&nbsp;<\/p>\n<ol start=\"2\">\n<li><strong> C\u00e2nd v-a\u021bi decis s\u0103 deveni\u021bi voluntar \u00een luptele din regiunea transnistrean\u0103? <\/strong><\/li>\n<\/ol>\n<p>\u00cen a doua jum\u0103tate a lunii martie 1992, c\u00e2nd s-a \u00een\u021beles c\u0103 \u201efocul\u201d nu se va stinge repede. M-am adresat la Comisariatul Militar din mun. B\u0103l\u021bi ca s\u0103 fiu trimis pe pozi\u021biile de lupt\u0103. La data de 09.04.1992 am fost chemat de comisar.<\/p>\n<p>&nbsp;<\/p>\n<ol start=\"3\">\n<li><strong> \u00cen ce raioane\/sate din regiunea transnistrean\u0103 a\u021bi \u00eendeplinit func\u021bia de ap\u0103r\u0103tor voluntar al integrit\u0103\u021bii teritoriale a \u021b\u0103rii? A\u021bi f\u0103cut parte dintr-un deta\u0219ament sau unitate special\u0103 de voluntari? <\/strong><\/li>\n<\/ol>\n<p>Mi-am \u00eendeplinit datoria ca militar. Am luptat \u00een Compania de Infanterie Motorizat\u0103 Nr. 2 pe platoul Co\u0219ni\u021ba din raionul Dub\u0103sari. Din 25 iunie 1992 am \u00eendeplinit func\u021bia de Comandant de Batalion.<\/p>\n<p>&nbsp;<\/p>\n<ol start=\"4\">\n<li><strong> Ca voluntar, c\u00e2t de bine era\u021bi dotat cu echipament militar \u00een compara\u021bie cu forma\u021biunile din st\u00e2nga Nistrului?<\/strong><\/li>\n<\/ol>\n<p>Pentru a ne ap\u0103ra, militarii \u0219i voluntarii aveau echipamentul necesar (automat cu toate atribu\u021biile aplicate). Posibil forma\u021biunile din st\u00e2nga Nistrului erau echipate mai bine av\u00e2nd luneti\u0219ti, rachete \u201eAlazani\u201d \u0219i tancuri.<\/p>\n<p>&nbsp;<\/p>\n<ol start=\"5\">\n<li><strong> \u00cen perioada ostilit\u0103\u021bilor \u00eentre cele dou\u0103 maluri ale Nistrului, ce eveniment v-a marcat cel mai mult? <\/strong><\/li>\n<\/ol>\n<p>Pozi\u021bia forma\u021biunilor din st\u00e2nga Nistrului era mai convenabil\u0103 pentru ap\u0103rare \u0219i mai efectiv\u0103 pentru \u00eenaintare. Deseori, voluntarii erau r\u0103ni\u021bi de mine \u0219i luneti\u0219ti, care \u00eempu\u0219cau de pe acoperi\u0219ul cl\u0103dirilor sau din copaci. Pozi\u021biile noastre se aflau \u00een livad\u0103\/c\u00e2mp, eram \u00eentr-o situa\u021bie dezavantajoas\u0103.<\/p>\n<p>&nbsp;<\/p>\n<ol start=\"6\">\n<li><strong> C\u00e2nd s-a semnat Conven\u021bia cu privire la principiile reglement\u0103rii pa\u0219nice a conflictului armat din zona nistrean\u0103 a Republicii Moldova (21 iulie 1992) era\u021bi \u00een regiunea transnistrean\u0103? Cum a\u021bi perceput semnarea Acordului de pacificare?<\/strong><\/li>\n<\/ol>\n<p>\u00cen timpul semn\u0103rii Conven\u021biei eu m\u0103 aflam pe platoul Co\u0219ni\u021ba. Fiecare osta\u0219 a\u0219tepta cu ner\u0103bdare \u00eencheierea Acordului de pacificare, pentru ca s\u0103 poat\u0103 pleca acas\u0103 pe p\u0103m\u00e2ntul pa\u0219nic.<\/p>\n<p>&nbsp;<\/p>\n<div id=\"attachment_6000\" style=\"width: 310px\" class=\"wp-caption aligncenter\"><img aria-describedby=\"caption-attachment-6000\" loading=\"lazy\" class=\"size-medium wp-image-6000\" src=\"https:\/\/centers.ulbsibiu.ro\/ccsprise\/lact\/wp-content\/uploads\/2019\/02\/Cosnita-300x196.jpg\" alt=\"\" width=\"300\" height=\"196\" srcset=\"https:\/\/centers.ulbsibiu.ro\/ccsprise\/lact\/wp-content\/uploads\/2019\/02\/Cosnita-300x196.jpg 300w, https:\/\/centers.ulbsibiu.ro\/ccsprise\/lact\/wp-content\/uploads\/2019\/02\/Cosnita-768x501.jpg 768w, https:\/\/centers.ulbsibiu.ro\/ccsprise\/lact\/wp-content\/uploads\/2019\/02\/Cosnita.jpg 960w\" sizes=\"(max-width: 300px) 100vw, 300px\" \/><p id=\"caption-attachment-6000\" class=\"wp-caption-text\"><em><strong>Voluntari moldoveni pe platoul Co\u0219ni\u021ba<\/strong><\/em><\/p><\/div>\n<p>&nbsp;<\/p>\n<ol start=\"7\">\n<li><strong>Ce p\u0103rere ave\u021bi despre actuala situa\u021bie din regiunea transnistrean\u0103?<\/strong><\/li>\n<\/ol>\n<p>\u00cemi doresc ca problema de reunire a Moldovei s\u0103 se rezolve mai repede, iar ne\u00een\u021belegerile care au fost s\u0103 nu fie repetate.<\/p>\n<p>&nbsp;<\/p>\n<ol start=\"8\">\n<li><strong> Sunte\u021bi de acord cu actuala form\u0103 a misiunii de men\u021binere a p\u0103cii \u00een regiunea transnistrean\u0103?<\/strong><\/li>\n<\/ol>\n<p>Cred c\u0103 cel mai important este s\u0103 se men\u021bin\u0103 pacea \u00een Moldova, indiferent de pacificatori \u2013 numai s\u0103 fie reunite ambele maluri ale Nistrului.<\/p>\n<p>&nbsp;<\/p>\n<p><em><strong>A consemnat Mihai Melintei<\/strong><\/em><\/p>\n","protected":false},"excerpt":{"rendered":"<p>Domnul Mihail Afanasie \u021aurcanu s-a n\u0103scut \u00een data de 04.09.1953, \u00een ora\u0219ul Cahul. \u00cen perioada anilor 1960-1970 a studiat la \u0218coala medie Nr. 8 din ora\u0219ul Cahul. \u00cen anul 1971 a fost recrutat \u00een For\u021bele Armate ale Uniunii Sovietice, unde \u0219i-a \u00eendeplinit serviciul militar p\u00e2n\u0103 \u00een anul 1973. \u00cen perioada anilor 1974-1980 a urmat studii&#8230;<\/p>\n","protected":false},"author":2,"featured_media":0,"comment_status":"closed","ping_status":"open","sticky":false,"template":"","format":"standard","meta":[],"categories":[24],"tags":[],"_links":{"self":[{"href":"https:\/\/centers.ulbsibiu.ro\/ccsprise\/lact\/wp-json\/wp\/v2\/posts\/5998"}],"collection":[{"href":"https:\/\/centers.ulbsibiu.ro\/ccsprise\/lact\/wp-json\/wp\/v2\/posts"}],"about":[{"href":"https:\/\/centers.ulbsibiu.ro\/ccsprise\/lact\/wp-json\/wp\/v2\/types\/post"}],"author":[{"embeddable":true,"href":"https:\/\/centers.ulbsibiu.ro\/ccsprise\/lact\/wp-json\/wp\/v2\/users\/2"}],"replies":[{"embeddable":true,"href":"https:\/\/centers.ulbsibiu.ro\/ccsprise\/lact\/wp-json\/wp\/v2\/comments?post=5998"}],"version-history":[{"count":5,"href":"https:\/\/centers.ulbsibiu.ro\/ccsprise\/lact\/wp-json\/wp\/v2\/posts\/5998\/revisions"}],"predecessor-version":[{"id":6005,"href":"https:\/\/centers.ulbsibiu.ro\/ccsprise\/lact\/wp-json\/wp\/v2\/posts\/5998\/revisions\/6005"}],"wp:attachment":[{"href":"https:\/\/centers.ulbsibiu.ro\/ccsprise\/lact\/wp-json\/wp\/v2\/media?parent=5998"}],"wp:term":[{"taxonomy":"category","embeddable":true,"href":"https:\/\/centers.ulbsibiu.ro\/ccsprise\/lact\/wp-json\/wp\/v2\/categories?post=5998"},{"taxonomy":"post_tag","embeddable":true,"href":"https:\/\/centers.ulbsibiu.ro\/ccsprise\/lact\/wp-json\/wp\/v2\/tags?post=5998"}],"curies":[{"name":"wp","href":"https:\/\/api.w.org\/{rel}","templated":true}]}}