{"id":5996,"date":"2019-02-25T19:49:25","date_gmt":"2019-02-25T17:49:25","guid":{"rendered":"https:\/\/centers.ulbsibiu.ro\/ccsprise\/lact\/?p=5996"},"modified":"2019-02-25T19:49:25","modified_gmt":"2019-02-25T17:49:25","slug":"noi-md-tiraspolul-spera-la-recunoasterea-internationala-a-transnistriei","status":"publish","type":"post","link":"https:\/\/centers.ulbsibiu.ro\/ccsprise\/lact\/noi-md-tiraspolul-spera-la-recunoasterea-internationala-a-transnistriei\/","title":{"rendered":"Noi.md &#8211; Tiraspolul sper\u0103 la recunoa\u0219terea interna\u021bional\u0103 a Transnistriei"},"content":{"rendered":"<p>Tiraspolul sper\u0103 c\u0103 recunoa\u0219terea interna\u021bional\u0103 a Transnistriei va fi cea mai simpl\u0103 \u0219i mai sigur\u0103 modalitate, \u00een condi\u021biile moderne, de a rezolva corect conflictul de pe Nistru \u0219i, \u00een acela\u0219i timp, de a asigura securitatea \u0219i stabilitatea regional\u0103.<\/p>\n<p>Despre aceasta a declarat ministrul afacerilor externe al autoproclamatei Republici Nistrene, Vitalii Ignatiev, r\u0103spunz\u00eend la \u00eentreb\u0103rile editorului ziarului maghiar Fideleo, J\u00e1nos Moskovi\u0107, transmite Noi.md.<\/p>\n<p>Jurnalistul a fost interesat de o gam\u0103 larg\u0103 de subiecte, inclusiv istoria Respublicii Moldovene\u0219ti Nistrene, dinamica procesului de negociere dintre Transnistria \u0219i Republica Moldova, precum \u0219i obiectivele \u0219i sarcinile politicii externe ale RMN.<\/p>\n<p>Referindu-se la stadiul actual al dialogului cu Moldova, Vitalii Ignatiev a atras aten\u021bia asupra succeselor p\u0103r\u021bilor \u00een implementarea unor acorduri anterioare \u0219i a men\u021bionat interesul p\u0103r\u021bii transnistrene de a continua acest dialog. &#8220;Situa\u021bia oarecum s-a \u00eembun\u0103t\u0103\u021bit \u0219i poate am simplificat unele elemente ale vie\u021bii oamenilor. Credem c\u0103 cel mai bun mod de a rezolva conflictul este trecerea de la probleme simple la unele mai complexe&#8221;, a spus diplomatul. R\u0103spunz\u00eend la \u00eentrebarea jurnalistului despre solu\u021bionarea definitiv\u0103 a conflictului existent, \u0219eful ministerului de externe al autoproclamatei Republici Moldovene\u0219ti Nistrene a subliniat c\u0103 pozi\u021bia principial\u0103 a Transnistriei, bazat\u0103 pe voin\u021ba poporului, r\u0103m\u00eene neschimbat\u0103.<\/p>\n<p>&#8220;Recunoa\u0219terea interna\u021bional\u0103 a Transnistriei este cea mai simpl\u0103 \u0219i mai sigur\u0103 modalitate, \u00een condi\u021biile moderne, de a rezolva corect conflictul \u0219i, \u00een acela\u0219i timp, de a asigura securitatea \u0219i stabilitatea regional\u0103. Din aceasta vor avea de c\u00ee\u0219tigat to\u021bi. S\u00eentem convin\u0219i c\u0103 a sosit momentul s\u0103 recunoa\u0219tem realitatea de facto &#8211; Moldova \u0219i Transnistria de aproape trei decenii exist\u0103 separat, ca dou\u0103 state independente&#8221;, a spus Vitalii Ignatiev.<\/p>\n<p>La finalul interviului, el a d\u0103ruit jurnalistului maghiar o copie a publica\u021biei \u201dBazele politice \u0219i juridice ale recunoa\u0219terii interna\u021bionale a independen\u021bei Republicii Moldovene\u0219ti Nistrene\u201d, remarc\u00eend c\u0103 aceast\u0103 carte este cea mai complet\u0103 colec\u021bie de evalu\u0103ri juridice \u0219i istorice ale dreptului Transnistriei de adeveni un stat suveran.<\/p>\n<p>Cite\u0219te mai mult: <a href=\"https:\/\/noi.md\/md\/transnistria\/tiraspolul-spera-la-recunoasterea-internationala-a-transnistriei\">https:\/\/noi.md\/md\/transnistria\/tiraspolul-spera-la-recunoasterea-internationala-a-transnistriei<\/a><br \/>\nFacebook: <a href=\"https:\/\/www.facebook.com\/NOI.md\/\">NOI.md<\/a> | Odnoklassniki: <a href=\"https:\/\/www.ok.ru\/noi.moldova\">Noi.Moldova<\/a><\/p>\n","protected":false},"excerpt":{"rendered":"<p>Tiraspolul sper\u0103 c\u0103 recunoa\u0219terea interna\u021bional\u0103 a Transnistriei va fi cea mai simpl\u0103 \u0219i mai sigur\u0103 modalitate, \u00een condi\u021biile moderne, de a rezolva corect conflictul de pe Nistru \u0219i, \u00een acela\u0219i timp, de a asigura securitatea \u0219i stabilitatea regional\u0103. Despre aceasta a declarat ministrul afacerilor externe al autoproclamatei Republici Nistrene, Vitalii Ignatiev, r\u0103spunz\u00eend la \u00eentreb\u0103rile editorului&#8230;<\/p>\n","protected":false},"author":2,"featured_media":0,"comment_status":"closed","ping_status":"open","sticky":false,"template":"","format":"standard","meta":[],"categories":[1],"tags":[],"_links":{"self":[{"href":"https:\/\/centers.ulbsibiu.ro\/ccsprise\/lact\/wp-json\/wp\/v2\/posts\/5996"}],"collection":[{"href":"https:\/\/centers.ulbsibiu.ro\/ccsprise\/lact\/wp-json\/wp\/v2\/posts"}],"about":[{"href":"https:\/\/centers.ulbsibiu.ro\/ccsprise\/lact\/wp-json\/wp\/v2\/types\/post"}],"author":[{"embeddable":true,"href":"https:\/\/centers.ulbsibiu.ro\/ccsprise\/lact\/wp-json\/wp\/v2\/users\/2"}],"replies":[{"embeddable":true,"href":"https:\/\/centers.ulbsibiu.ro\/ccsprise\/lact\/wp-json\/wp\/v2\/comments?post=5996"}],"version-history":[{"count":1,"href":"https:\/\/centers.ulbsibiu.ro\/ccsprise\/lact\/wp-json\/wp\/v2\/posts\/5996\/revisions"}],"predecessor-version":[{"id":5997,"href":"https:\/\/centers.ulbsibiu.ro\/ccsprise\/lact\/wp-json\/wp\/v2\/posts\/5996\/revisions\/5997"}],"wp:attachment":[{"href":"https:\/\/centers.ulbsibiu.ro\/ccsprise\/lact\/wp-json\/wp\/v2\/media?parent=5996"}],"wp:term":[{"taxonomy":"category","embeddable":true,"href":"https:\/\/centers.ulbsibiu.ro\/ccsprise\/lact\/wp-json\/wp\/v2\/categories?post=5996"},{"taxonomy":"post_tag","embeddable":true,"href":"https:\/\/centers.ulbsibiu.ro\/ccsprise\/lact\/wp-json\/wp\/v2\/tags?post=5996"}],"curies":[{"name":"wp","href":"https:\/\/api.w.org\/{rel}","templated":true}]}}