{"id":5994,"date":"2019-02-25T19:36:34","date_gmt":"2019-02-25T17:36:34","guid":{"rendered":"https:\/\/centers.ulbsibiu.ro\/ccsprise\/lact\/?p=5994"},"modified":"2019-02-25T19:36:34","modified_gmt":"2019-02-25T17:36:34","slug":"infotag-md-alegatorii-din-transnistria-sunt-transportati-gratuit-la-sectiile-de-votare-din-dreapta-nistrului","status":"publish","type":"post","link":"https:\/\/centers.ulbsibiu.ro\/ccsprise\/lact\/infotag-md-alegatorii-din-transnistria-sunt-transportati-gratuit-la-sectiile-de-votare-din-dreapta-nistrului\/","title":{"rendered":"Infotag.md &#8211; ALEG\u0102TORII DIN TRANSNISTRIA SUNT TRANSPORTA\u0162I GRATUIT LA SEC\u0162IILE DE VOTARE DIN DREAPTA NISTRULUI"},"content":{"rendered":"<p>Aleg\u0103torii din Transnistria sunt transporta\u0163i gratuit la sec\u0163iile de votare din dreapta Nistrului. Potrivit agen\u0163iei INFOTAG, la acest lucru au atras aten\u0163ia reprezentan\u0163ii opozi\u0163iei.<\/p>\n<p>Ei au plasat pe re\u0163elele sociale materiale video \u00een care se vede c\u0103 oamenii sunt transporta\u0163i \u00een dreapta Nistrului \u00een mod organizat. Pentru aceasta au fost puse la dispozi\u0163ie autobuze pe care sunt lipite stikere speciale. Aceste autobuze sunt admise \u00een mod prioritar la punctele de trecere transnistrene, pasagerii nu sunt verifica\u0163i.<\/p>\n<p>Din fotografii se vede c\u0103 la sec\u0163iile de votare la care voteaz\u0103 aleg\u0103torii din Transnistria s-au format cozi imense de cet\u0103\u0163eni care doresc s\u0103-\u015fi exercite dreptul la vot.<\/p>\n<p>De asemenea, se zice c\u0103, \u00een Transnistria, persoane necunoscute \u00eendeamn\u0103 cet\u0103\u0163enii Moldovei s\u0103 voteze pentru PDM, ofer\u0103 transport \u015fi pl\u0103tesc fiec\u0103rui aleg\u0103tor c\u00e2te $20. Despre aceasta a declarat \u015fi Pre\u015fedintele Igor Dodon, care \u015fi-a exprimat \u00eengrijorarea referitor la aceast\u0103 situa\u0163ie.<\/p>\n<p>Unul dintre liderii blocului ACUM, Andrei N\u0103stase, la fel, a atras aten\u0163ia pe re\u0163elele sociale la aceast\u0103 informa\u0163ie, potrivit c\u0103reia, la sec\u0163iile de vot se ajunge doar cu transportul special din Transnistria care are un stiker special pe parbriz.<\/p>\n<p>\u201eAst\u0103zi, structurile militarizate din Tiraspol sunt \u00een str\u00e2ns\u0103 leg\u0103tur\u0103 cu structurile criminale ale lui Plahotniuc din dreapta Nistrului, ei au asediat \u021bara. Zeci de mii de oameni pot fi adu\u015fi \u00een mod organizat din Transnistria pentru a decide soarta noastr\u0103\u201d, a declarat N\u0103stase jurnali\u015ftilor.<\/p>\n<p>El a men\u0163ionat c\u0103 CEC a fost sesizat\u0103 \u00een leg\u0103tur\u0103 cu aceste \u00eenc\u0103lc\u0103ri. Aceast\u0103 informa\u021bie a fost confirmat\u0103 de ofi\u0163erul de pres\u0103 al CEC, Rodica S\u00eerbu.<\/p>\n<p>\u201eAm primit o asemenea sesizare \u0219i am apelat la autoritatea competent\u0103, Inspectoratul General al Poli\u021biei, pentru ca ei s\u0103 se clarifice cu situa\u021bia\u201d, a spus S\u00eerbu.<\/p>\n<p>Sursa:\u00a0<a href=\"http:\/\/www.infotag.md\/rebelion-ro\/272887\/\">http:\/\/www.infotag.md\/<\/a><\/p>\n","protected":false},"excerpt":{"rendered":"<p>Aleg\u0103torii din Transnistria sunt transporta\u0163i gratuit la sec\u0163iile de votare din dreapta Nistrului. Potrivit agen\u0163iei INFOTAG, la acest lucru au atras aten\u0163ia reprezentan\u0163ii opozi\u0163iei. Ei au plasat pe re\u0163elele sociale materiale video \u00een care se vede c\u0103 oamenii sunt transporta\u0163i \u00een dreapta Nistrului \u00een mod organizat. Pentru aceasta au fost puse la dispozi\u0163ie autobuze pe&#8230;<\/p>\n","protected":false},"author":2,"featured_media":0,"comment_status":"closed","ping_status":"open","sticky":false,"template":"","format":"standard","meta":[],"categories":[1],"tags":[],"_links":{"self":[{"href":"https:\/\/centers.ulbsibiu.ro\/ccsprise\/lact\/wp-json\/wp\/v2\/posts\/5994"}],"collection":[{"href":"https:\/\/centers.ulbsibiu.ro\/ccsprise\/lact\/wp-json\/wp\/v2\/posts"}],"about":[{"href":"https:\/\/centers.ulbsibiu.ro\/ccsprise\/lact\/wp-json\/wp\/v2\/types\/post"}],"author":[{"embeddable":true,"href":"https:\/\/centers.ulbsibiu.ro\/ccsprise\/lact\/wp-json\/wp\/v2\/users\/2"}],"replies":[{"embeddable":true,"href":"https:\/\/centers.ulbsibiu.ro\/ccsprise\/lact\/wp-json\/wp\/v2\/comments?post=5994"}],"version-history":[{"count":1,"href":"https:\/\/centers.ulbsibiu.ro\/ccsprise\/lact\/wp-json\/wp\/v2\/posts\/5994\/revisions"}],"predecessor-version":[{"id":5995,"href":"https:\/\/centers.ulbsibiu.ro\/ccsprise\/lact\/wp-json\/wp\/v2\/posts\/5994\/revisions\/5995"}],"wp:attachment":[{"href":"https:\/\/centers.ulbsibiu.ro\/ccsprise\/lact\/wp-json\/wp\/v2\/media?parent=5994"}],"wp:term":[{"taxonomy":"category","embeddable":true,"href":"https:\/\/centers.ulbsibiu.ro\/ccsprise\/lact\/wp-json\/wp\/v2\/categories?post=5994"},{"taxonomy":"post_tag","embeddable":true,"href":"https:\/\/centers.ulbsibiu.ro\/ccsprise\/lact\/wp-json\/wp\/v2\/tags?post=5994"}],"curies":[{"name":"wp","href":"https:\/\/api.w.org\/{rel}","templated":true}]}}