{"id":5992,"date":"2019-02-25T19:34:46","date_gmt":"2019-02-25T17:34:46","guid":{"rendered":"https:\/\/centers.ulbsibiu.ro\/ccsprise\/lact\/?p=5992"},"modified":"2020-06-12T18:40:04","modified_gmt":"2020-06-12T16:40:04","slug":"deschide-md-alexandru-vakulovski-votul-dupa-federalizare","status":"publish","type":"post","link":"https:\/\/centers.ulbsibiu.ro\/ccsprise\/lact\/deschide-md-alexandru-vakulovski-votul-dupa-federalizare\/","title":{"rendered":"Deschide.md &#8211; Alexandru VAKULOVSKI \/\/ Votul dup\u0103 federalizare"},"content":{"rendered":"<p>Author: Alexandru Vakulovski<\/p>\n<p>\u00cen timpul alegerilor parlamentare, Moldova a ar\u0103tat ca \u0219i cum ar fi fost federalizat\u0103. Microbuze \u0219i autobuze pline cu transnistreni au venit s\u0103 voteze la comand\u0103, habar neav\u00e2nd pentru cine pun \u0219tampila.<\/p>\n<p>Unii aveau poza candida\u021bilor \u00een buzunar, al\u021bii \u00eencercau s\u0103 memorizeze numele. Din reportajele pe care le-am v\u0103zut, cet\u0103\u021benii din regiunea separatist\u0103 erau ghida\u021bi ca ni\u0219te robo\u021bi s\u0103 voteze \u00een primul r\u00e2nd sociali\u0219tii, apoi partidul \u0218or.<\/p>\n<p>Ei se \u00eenghesuiau \u00een r\u00e2nduri \u00een unele locuri chiar c\u00e2te cinci ore, c\u0103z\u00e2nd pe jos, le\u0219in\u00e2nd, ca la \u00eentoarcere s\u0103 fie pl\u0103ti\u021bi. S-a vorbit de 20 de dolari sau 400 de lei \u2013 cam asta pare s\u0103 fie investi\u021bia pentru un vot. Pe ace\u0219ti bani nimeni nu-i contabilizeaz\u0103 \u0219i nu are cum s\u0103 fac\u0103 asta, exist\u0103 o filmare cum cineva \u00een C\u0103u\u0219eni este pl\u0103tit, dar autorit\u0103\u021bile noastre nu au nici o putere \u00een regiunea separatist\u0103, deci nu vor putea proba frauda.<\/p>\n<p>Aleg\u0103torii transnistreni se pare c\u0103 au \u00eenclinat balan\u021ba \u00een raioanele Dub\u0103sari, Anenii Noi, Rezina, C\u0103u\u0219eni, \u0218tefan Vod\u0103, \u0218old\u0103ne\u0219ti. Ei au fost cei care au vrut s\u0103 fac\u0103 un ban \u201ccinstit\u201d, ca la pr\u0103\u0219it sau mai r\u0103u: nu i-a interesat c\u0103 cei care le dau bani \u00ee\u0219i bat joc de ei, \u00eei \u021bin \u00een frig, la \u00eenghesuial\u0103, doar s\u0103 pun\u0103 \u0219tampila \u0219i s\u0103 \u00eencaseze banii promi\u0219i.<\/p>\n<p>Culmea e c\u0103 anume sociali\u0219tii au f\u0103cut dup\u0103 alegeri declara\u021bii c\u0103 alegerile nu ar fi fost corecte. P\u0103i clar c\u0103 nu au fost corecte acolo unde au fost cump\u0103rate! Iar cei cump\u0103ra\u021bi din regiunea separatist\u0103 au ar\u0103tat poze cu stelu\u021ba \u0219i candida\u021bii ei!<\/p>\n<p>Fiind din \u0218tefan Vod\u0103, am o mare sup\u0103rare legat\u0103 de \u00eenclinarea majorit\u0103\u021bii spre culoarea roz \u0219i ro\u0219u \u00een acest raion. Diferen\u021ba o fac transnistrenii, care \u0219i de aceast\u0103 dat\u0103 au c\u0103utat stelu\u021ba. A\u0219 vrea s\u0103 v\u0103d procesele verbale din sate, ca tabloul s\u0103 fie mai clar. Sper ca CEC s\u0103 ni le pun\u0103 la dispozi\u021bie \u00een viitorul apropiat. Ca s\u0103 ne fie mai clar cine ne bag\u0103 \u00een mocirla roz.<\/p>\n<p>C\u0103 nu cred c\u0103, de exemplu \u00een Antone\u0219ti sau Carahasani ar ie\u0219i \u00eenving\u0103tori sociali\u0219tii, pentru c\u0103 alegerile anterioare ne-au ar\u0103tat c\u0103 oamenii de aici voteaz\u0103 pentru direc\u021bia european\u0103, iar diferen\u021ba ru\u0219inoas\u0103 e f\u0103cut\u0103 de turi\u0219tii de peste Nistru.<\/p>\n<p>Cu tot cu aleg\u0103torii din regiunea separatist\u0103, de parc\u0103 Moldova ar fi federalizat\u0103, Rusia a pierdut \u00een Moldova, a pierdut Moldova. Uit\u00e2ndu-ne la rezultatele aproape complete, e clar c\u0103 moldovenii aleg Europa. Sociali\u0219tii au luat multe voturi, dar nu destule ca s\u0103 o fac\u0103 pe coco\u0219ul. 31% pentru ei \u00eensemn\u0103 o \u00eenfr\u00e2ngere pentru direc\u021bia prorus\u0103.<\/p>\n<p>&nbsp;<\/p>\n<p>Textul complet:\u00a0<a href=\"https:\/\/deschide.md\/ro\/stiri\/editorial\/44989\/Alexandru-VAKULOVSKI--Votul-dup\u0103-federalizare.htm\">https:\/\/deschide.md\/<\/a><\/p>\n","protected":false},"excerpt":{"rendered":"<p>Author: Alexandru Vakulovski \u00cen timpul alegerilor parlamentare, Moldova a ar\u0103tat ca \u0219i cum ar fi fost federalizat\u0103. Microbuze \u0219i autobuze pline cu transnistreni au venit s\u0103 voteze la comand\u0103, habar neav\u00e2nd pentru cine pun \u0219tampila. Unii aveau poza candida\u021bilor \u00een buzunar, al\u021bii \u00eencercau s\u0103 memorizeze numele. Din reportajele pe care le-am v\u0103zut, cet\u0103\u021benii din regiunea&#8230;<\/p>\n","protected":false},"author":2,"featured_media":0,"comment_status":"closed","ping_status":"open","sticky":false,"template":"","format":"standard","meta":[],"categories":[1],"tags":[],"_links":{"self":[{"href":"https:\/\/centers.ulbsibiu.ro\/ccsprise\/lact\/wp-json\/wp\/v2\/posts\/5992"}],"collection":[{"href":"https:\/\/centers.ulbsibiu.ro\/ccsprise\/lact\/wp-json\/wp\/v2\/posts"}],"about":[{"href":"https:\/\/centers.ulbsibiu.ro\/ccsprise\/lact\/wp-json\/wp\/v2\/types\/post"}],"author":[{"embeddable":true,"href":"https:\/\/centers.ulbsibiu.ro\/ccsprise\/lact\/wp-json\/wp\/v2\/users\/2"}],"replies":[{"embeddable":true,"href":"https:\/\/centers.ulbsibiu.ro\/ccsprise\/lact\/wp-json\/wp\/v2\/comments?post=5992"}],"version-history":[{"count":1,"href":"https:\/\/centers.ulbsibiu.ro\/ccsprise\/lact\/wp-json\/wp\/v2\/posts\/5992\/revisions"}],"predecessor-version":[{"id":5993,"href":"https:\/\/centers.ulbsibiu.ro\/ccsprise\/lact\/wp-json\/wp\/v2\/posts\/5992\/revisions\/5993"}],"wp:attachment":[{"href":"https:\/\/centers.ulbsibiu.ro\/ccsprise\/lact\/wp-json\/wp\/v2\/media?parent=5992"}],"wp:term":[{"taxonomy":"category","embeddable":true,"href":"https:\/\/centers.ulbsibiu.ro\/ccsprise\/lact\/wp-json\/wp\/v2\/categories?post=5992"},{"taxonomy":"post_tag","embeddable":true,"href":"https:\/\/centers.ulbsibiu.ro\/ccsprise\/lact\/wp-json\/wp\/v2\/tags?post=5992"}],"curies":[{"name":"wp","href":"https:\/\/api.w.org\/{rel}","templated":true}]}}