{"id":5989,"date":"2019-02-22T15:05:44","date_gmt":"2019-02-22T13:05:44","guid":{"rendered":"https:\/\/centers.ulbsibiu.ro\/ccsprise\/lact\/?p=5989"},"modified":"2019-02-22T15:05:44","modified_gmt":"2019-02-22T13:05:44","slug":"gov-md-delegatia-republicii-moldova-a-respins-raportul-incomplet-al-comandamentului-militar-intrunit","status":"publish","type":"post","link":"https:\/\/centers.ulbsibiu.ro\/ccsprise\/lact\/gov-md-delegatia-republicii-moldova-a-respins-raportul-incomplet-al-comandamentului-militar-intrunit\/","title":{"rendered":"Gov.md &#8211; Delega\u021bia Republicii Moldova a respins Raportul incomplet al Comandamentului Militar \u00centrunit"},"content":{"rendered":"<p>La \u0219edin\u021ba Comisiei Unificate de Control (CUC) din 21 februarie Delega\u021bia Republicii Moldova a elucidat un \u0219ir de cazuri de \u00eenc\u0103lcare a regimului Zonei de Securitate de c\u0103tre structurile transnistrene.<\/p>\n<p>\u00cen acest sens, au fost prezentate materiale care dovedesc derularea unor antrenamente \u0219i manifest\u0103ri \u00een mas\u0103 la data de 19 februarie \u00een or. Bender \u0219i satul G\u00eesca cu implicarea reprezentan\u021bilor forma\u021biunilor militare transnistrene, echipa\u021bi cu arme \u0219i mijloace speciale.<\/p>\n<p>S-a relevat c\u0103 raportul Comandamentului Militar \u00centrunit (CM\u00ce) pentru perioada 13 \u2013 19 februarie nu reflect\u0103 \u00eenc\u0103lc\u0103rile sesizate, \u00eendeosebi datorit\u0103 tergivers\u0103rii inten\u021bionate (pe durata a 2 ore) de c\u0103tre reprezentantul Tiraspolului \u00een CM\u00ce a acordului pentru deplasarea observatorilor militari la fa\u021ba locului \u00een vederea document\u0103rii abaterilor.<\/p>\n<p>\u00cen consecin\u021b\u0103, delega\u021bia noastr\u0103 nu a acceptat aprobarea raportului pentru perioada de referin\u021b\u0103, iar componentei militare a for\u021belor de pacificare i-a fost solicitat s\u0103 examineze suplimentar \u00eenc\u0103lc\u0103rile documentate.<\/p>\n<p>Multitudinea cazurilor de nerespectare a acordurilor \u0219i protocoalelor \u00een vigoare a determinat readucerea \u00een discu\u021bie \u00een cadrul \u0219edin\u021bei a demersurilor delega\u021biei noastre de a elabora un mecanism eficient de monitorizare a Zonei de Securitate \u0219i de reac\u021bionare prompt\u0103 la orice abatere sau incident ce poate agrava situa\u021bia.<\/p>\n<p>De asemenea, s-a atras aten\u021bia asupra inadmisibilit\u0103\u021bii compromiterii institu\u021biei observatorilor militari prin blocarea sau t\u0103r\u0103g\u0103narea oferirii acordului de ie\u0219ire a acestora la fa\u021ba locului pentru constatarea abaterilor sau documentarea incidentelor.<\/p>\n<p>\u00cen acest sens, pentru conturarea unui tablou obiectiv \u00een rapoarte, reprezentantul Ucrainei a propus s\u0103 se indice \u00een document ora la care a fost depus\u0103 sesizarea, ora la care fiecare parte \u0219i-a dat acceptul de a permite deplasarea \u00een teren a observatorilor, momentul ini\u021bierii deplas\u0103rii \u0219i prezent\u0103rii la fa\u021ba locului.<\/p>\n<p>\u00cen contextul alegerilor parlamentare \u0219i referendumului consultativ care se vor desf\u0103\u0219ura la 24 februarie 2019, delega\u021bia Republicii Moldova \u0219i-a reconfirmat declara\u021bia anterioar\u0103 despre faptul c\u0103 ordinea public\u0103 \u00een timpul campaniei electorale \u0219i \u00een ziua vot\u0103rii va fi asigurat\u0103 de for\u021bele subdiviziunilor teritoriale ale Inspectoratului General al Poli\u021biei dislocate \u00een Zona de Securitate.<\/p>\n<p>\u00cen cadrul aceleia\u0219i \u0219edin\u021be Comisia l-a aprobat \u00een calitate de observator militar\u00a0 din partea Republicii Moldova pe locotenent-colonelul Oleg \u021aurcan.<\/p>\n<p>&nbsp;<\/p>\n<p><strong>Delega\u021bia Republicii Moldova \u00een\u00a0<\/strong><strong>Comisia Unificat\u0103 de Control<\/strong><\/p>\n<p>&nbsp;<\/p>\n<p>Sursa:\u00a0<a href=\"https:\/\/gov.md\/ro\/content\/delegatia-republicii-moldova-respins-raportul-incomplet-al-comandamentului-militar-intrunit\">https:\/\/gov.md\/<\/a><\/p>\n","protected":false},"excerpt":{"rendered":"<p>La \u0219edin\u021ba Comisiei Unificate de Control (CUC) din 21 februarie Delega\u021bia Republicii Moldova a elucidat un \u0219ir de cazuri de \u00eenc\u0103lcare a regimului Zonei de Securitate de c\u0103tre structurile transnistrene. \u00cen acest sens, au fost prezentate materiale care dovedesc derularea unor antrenamente \u0219i manifest\u0103ri \u00een mas\u0103 la data de 19 februarie \u00een or. Bender \u0219i&#8230;<\/p>\n","protected":false},"author":2,"featured_media":0,"comment_status":"closed","ping_status":"open","sticky":false,"template":"","format":"standard","meta":[],"categories":[1],"tags":[],"_links":{"self":[{"href":"https:\/\/centers.ulbsibiu.ro\/ccsprise\/lact\/wp-json\/wp\/v2\/posts\/5989"}],"collection":[{"href":"https:\/\/centers.ulbsibiu.ro\/ccsprise\/lact\/wp-json\/wp\/v2\/posts"}],"about":[{"href":"https:\/\/centers.ulbsibiu.ro\/ccsprise\/lact\/wp-json\/wp\/v2\/types\/post"}],"author":[{"embeddable":true,"href":"https:\/\/centers.ulbsibiu.ro\/ccsprise\/lact\/wp-json\/wp\/v2\/users\/2"}],"replies":[{"embeddable":true,"href":"https:\/\/centers.ulbsibiu.ro\/ccsprise\/lact\/wp-json\/wp\/v2\/comments?post=5989"}],"version-history":[{"count":1,"href":"https:\/\/centers.ulbsibiu.ro\/ccsprise\/lact\/wp-json\/wp\/v2\/posts\/5989\/revisions"}],"predecessor-version":[{"id":5990,"href":"https:\/\/centers.ulbsibiu.ro\/ccsprise\/lact\/wp-json\/wp\/v2\/posts\/5989\/revisions\/5990"}],"wp:attachment":[{"href":"https:\/\/centers.ulbsibiu.ro\/ccsprise\/lact\/wp-json\/wp\/v2\/media?parent=5989"}],"wp:term":[{"taxonomy":"category","embeddable":true,"href":"https:\/\/centers.ulbsibiu.ro\/ccsprise\/lact\/wp-json\/wp\/v2\/categories?post=5989"},{"taxonomy":"post_tag","embeddable":true,"href":"https:\/\/centers.ulbsibiu.ro\/ccsprise\/lact\/wp-json\/wp\/v2\/tags?post=5989"}],"curies":[{"name":"wp","href":"https:\/\/api.w.org\/{rel}","templated":true}]}}