{"id":5985,"date":"2019-02-21T18:48:26","date_gmt":"2019-02-21T16:48:26","guid":{"rendered":"https:\/\/centers.ulbsibiu.ro\/ccsprise\/lact\/?p=5985"},"modified":"2019-02-21T18:48:26","modified_gmt":"2019-02-21T16:48:26","slug":"ziarulnational-md-dodon-tine-in-secret-planul-sau-cu-privire-la-transnistria-conceptul-va-fi-publicat-dupa-24-februarie","status":"publish","type":"post","link":"https:\/\/centers.ulbsibiu.ro\/ccsprise\/lact\/ziarulnational-md-dodon-tine-in-secret-planul-sau-cu-privire-la-transnistria-conceptul-va-fi-publicat-dupa-24-februarie\/","title":{"rendered":"Ziarulnational.md &#8211; Dodon \u021bine \u00een SECRET planul s\u0103u cu privire la Transnistria: \u201eConceptul va fi publicat dup\u0103 24 februarie\u201d"},"content":{"rendered":"<p><span style=\"display: inline !important; float: none; background-color: transparent; color: #383536; font-family: 'Open Sans',sans-serif; font-size: 16px; font-style: normal; font-variant: normal; font-weight: 400; letter-spacing: normal; orphans: 2; text-align: left; text-decoration: none; text-indent: 0px; text-transform: none; -webkit-text-stroke-width: 0px; white-space: normal; word-spacing: 0px;\">Pre\u0219edintele Igor Dodon sus\u021bine c\u0103 a prezentat, la Conferin\u021ba de Securitate de la Munchen, care a avut loc s\u0103pt\u0103m\u00e2na trecut\u0103, un concept numit \u201ePachetul comprehensiv pentru Moldova\u201d, dar evit\u0103 s\u0103 dea detalii despre document. <\/span><\/p>\n<p><span style=\"display: inline !important; float: none; background-color: transparent; color: #383536; font-family: 'Open Sans',sans-serif; font-size: 16px; font-style: normal; font-variant: normal; font-weight: 400; letter-spacing: normal; orphans: 2; text-align: left; text-decoration: none; text-indent: 0px; text-transform: none; -webkit-text-stroke-width: 0px; white-space: normal; word-spacing: 0px;\"> Reac\u021bia vine dup\u0103 ce \u00een spa\u021biul public au ap\u0103rut \u201etezele principale pentru reglementarea transnistrean\u0103\u201d, un plan care presupune, printre altele, federalizarea R. Moldova, prin divizarea republicii \u00een dou\u0103 subiecte juridice, cu armate, monede \u0219i ministere separate. Exper\u021bii sus\u021bin c\u0103 acest document este \u201epericulos\u201d \u0219i \u00eenseamn\u0103 distrugerea R. Moldova.<\/span><\/p>\n<p><span style=\"display: inline !important; float: none; background-color: transparent; color: #383536; font-family: 'Open Sans',sans-serif; font-size: 16px; font-style: normal; font-variant: normal; font-weight: 400; letter-spacing: normal; orphans: 2; text-align: left; text-decoration: none; text-indent: 0px; text-transform: none; -webkit-text-stroke-width: 0px; white-space: normal; word-spacing: 0px;\"> Documentul a fost f\u0103cut public inclusiv de fostul Ambasador al R. Moldova la ONU, Vlad Lupan, care a spus c\u0103 acesta i-a fost transmis de c\u0103tre un participant la Conferin\u021ba de la Munchen. <\/span><\/p>\n<p>Pre\u0219edin\u021bia nu comenteaz\u0103 opiniile personale ale unor sau altor cet\u0103\u021beni, mai ales \u00een alegeri parlamentare, c\u00e2nd opiniile sunt at\u00e2t de afectate electoral \u0219i ideologic\u201d, a declarat pentru <a href=\"https:\/\/deschide.md\/ro\/stiri\/politic\/44685\/DOC--Planul-lui-Dodon-de-federalizare-a-R-Moldova-o-variant%C4%83-modificat%C4%83-a-%E2%80%9EMemorandumului-Kozak%E2%80%9D.htm\" target=\"_blank\" rel=\"noopener\">deschide.md<\/a> Carmena Sterpu, purtatoarea de cuv\u00e2nt a Pre\u0219edin\u021biei.<\/p>\n<p>\u00centrebat\u0103 dac\u0103 documentul f\u0103cut public este cel prezentat la Munchen, \u00een cadrul Conferin\u021bei de Securitate, de c\u0103tre Igor Dodon, Carmena Sterpu a negat<\/p>\n<p>\u201e\u00cen cadrul Conferin\u021bei pentru Securitate de la Munchen a fost prezentat Conceptul \u201ePachetul comprehensiv pentru Moldova\u201d, care se bazeaz\u0103 pe promovarea unei politici externe echilibrate de stabilire a unor rela\u021bii reciproc avantajoase at\u00e2t cu Estul, c\u00e2t \u0219i cu Vestul, cu respectarea statutului constitu\u021bional de neutralitate permanent\u0103 a republicii noastre. \u021ain\u00e2nd cont de faptul c\u0103 pre\u0219edintele nu particip\u0103 \u00een campania electoral\u0103, Conceptul va fi publicat dup\u0103 24 februarie\u201d, spus Carmena Sterpu.<\/p>\n<p>Sursa:\u00a0<a href=\"https:\/\/www.ziarulnational.md\/dodon-tine-in-secret-planul-sau-cu-privire-la-transnistria-conceptul-va-fi-publicat-dupa-24-februarie\/\">https:\/\/www.ziarulnational.md\/<\/a><\/p>\n","protected":false},"excerpt":{"rendered":"<p>Pre\u0219edintele Igor Dodon sus\u021bine c\u0103 a prezentat, la Conferin\u021ba de Securitate de la Munchen, care a avut loc s\u0103pt\u0103m\u00e2na trecut\u0103, un concept numit \u201ePachetul comprehensiv pentru Moldova\u201d, dar evit\u0103 s\u0103 dea detalii despre document. Reac\u021bia vine dup\u0103 ce \u00een spa\u021biul public au ap\u0103rut \u201etezele principale pentru reglementarea transnistrean\u0103\u201d, un plan care presupune, printre altele, federalizarea&#8230;<\/p>\n","protected":false},"author":2,"featured_media":0,"comment_status":"closed","ping_status":"open","sticky":false,"template":"","format":"standard","meta":[],"categories":[1],"tags":[],"_links":{"self":[{"href":"https:\/\/centers.ulbsibiu.ro\/ccsprise\/lact\/wp-json\/wp\/v2\/posts\/5985"}],"collection":[{"href":"https:\/\/centers.ulbsibiu.ro\/ccsprise\/lact\/wp-json\/wp\/v2\/posts"}],"about":[{"href":"https:\/\/centers.ulbsibiu.ro\/ccsprise\/lact\/wp-json\/wp\/v2\/types\/post"}],"author":[{"embeddable":true,"href":"https:\/\/centers.ulbsibiu.ro\/ccsprise\/lact\/wp-json\/wp\/v2\/users\/2"}],"replies":[{"embeddable":true,"href":"https:\/\/centers.ulbsibiu.ro\/ccsprise\/lact\/wp-json\/wp\/v2\/comments?post=5985"}],"version-history":[{"count":1,"href":"https:\/\/centers.ulbsibiu.ro\/ccsprise\/lact\/wp-json\/wp\/v2\/posts\/5985\/revisions"}],"predecessor-version":[{"id":5986,"href":"https:\/\/centers.ulbsibiu.ro\/ccsprise\/lact\/wp-json\/wp\/v2\/posts\/5985\/revisions\/5986"}],"wp:attachment":[{"href":"https:\/\/centers.ulbsibiu.ro\/ccsprise\/lact\/wp-json\/wp\/v2\/media?parent=5985"}],"wp:term":[{"taxonomy":"category","embeddable":true,"href":"https:\/\/centers.ulbsibiu.ro\/ccsprise\/lact\/wp-json\/wp\/v2\/categories?post=5985"},{"taxonomy":"post_tag","embeddable":true,"href":"https:\/\/centers.ulbsibiu.ro\/ccsprise\/lact\/wp-json\/wp\/v2\/tags?post=5985"}],"curies":[{"name":"wp","href":"https:\/\/api.w.org\/{rel}","templated":true}]}}