{"id":5983,"date":"2019-02-21T18:40:53","date_gmt":"2019-02-21T16:40:53","guid":{"rendered":"https:\/\/centers.ulbsibiu.ro\/ccsprise\/lact\/?p=5983"},"modified":"2019-02-21T18:40:53","modified_gmt":"2019-02-21T16:40:53","slug":"gov-md-intrevederea-cu-ministrul-plenipotentiar-din-cadrul-ambasadei-romaniei-in-republica-moldova-dl-adrian-sirbu","status":"publish","type":"post","link":"https:\/\/centers.ulbsibiu.ro\/ccsprise\/lact\/gov-md-intrevederea-cu-ministrul-plenipotentiar-din-cadrul-ambasadei-romaniei-in-republica-moldova-dl-adrian-sirbu\/","title":{"rendered":"Gov.md &#8211; \u00centrevederea cu ministrul plenipoten\u021biar din cadrul Ambasadei Rom\u00e2niei \u00een Republica Moldova, dl Adrian S\u00eerbu"},"content":{"rendered":"<p>La 21 februarie curent, \u0219eful Biroului politici de reintegrare, dl Marian Gherman s-a \u00eent\u00e2lnit cu ministrul plenipoten\u021biar din cadrul Ambasadei Rom\u00e2niei \u00een Republica Moldova, dl Adrian S\u00eerbu.<\/p>\n<p>\u00cen cadrul \u00eentrevederii au fost abordate un \u0219ir de subiecte ce \u021bin de problematica transnistrean\u0103, o aten\u021bie sporit\u0103 fiind acordat\u0103 situa\u021biei la zi a \u0219colilor cu predare \u00een grafie latin\u0103 din regiunea transnistrean\u0103 \u0219i evolu\u021biile marcate pe acest segment.<\/p>\n<p>Oficialul rom\u00e2n a remarcat rolul activ al reprezentan\u021bilor p\u0103r\u021bii moldovene\u0219ti \u00een procesul de negocieri, precum \u0219i a dat asigur\u0103ri c\u0103 autorit\u0103\u021bile de la Bucure\u0219ti vor continua s\u0103 sprijine promovarea obiectivului de reglementare viabil\u0103.<\/p>\n<p>La r\u00e2ndul s\u0103u, dl Marian Gherman a eviden\u021biat importan\u021ba dezvolt\u0103rii unor parteneriate strategice \u00een promovarea intereselor Guvernului Republicii Moldova \u0219i a exprimat speran\u021ba men\u021binerii unei conlucr\u0103ri viitoare stabile cu Ambasada Rom\u00e2niei.<\/p>\n<p>Sursa:\u00a0<a href=\"https:\/\/gov.md\/ro\/content\/intrevederea-cu-ministrul-plenipotentiar-din-cadrul-ambasadei-romaniei-republica-moldova-dl\">https:\/\/gov.md\/<\/a><\/p>\n","protected":false},"excerpt":{"rendered":"<p>La 21 februarie curent, \u0219eful Biroului politici de reintegrare, dl Marian Gherman s-a \u00eent\u00e2lnit cu ministrul plenipoten\u021biar din cadrul Ambasadei Rom\u00e2niei \u00een Republica Moldova, dl Adrian S\u00eerbu. \u00cen cadrul \u00eentrevederii au fost abordate un \u0219ir de subiecte ce \u021bin de problematica transnistrean\u0103, o aten\u021bie sporit\u0103 fiind acordat\u0103 situa\u021biei la zi a \u0219colilor cu predare \u00een&#8230;<\/p>\n","protected":false},"author":2,"featured_media":0,"comment_status":"closed","ping_status":"open","sticky":false,"template":"","format":"standard","meta":[],"categories":[1],"tags":[],"_links":{"self":[{"href":"https:\/\/centers.ulbsibiu.ro\/ccsprise\/lact\/wp-json\/wp\/v2\/posts\/5983"}],"collection":[{"href":"https:\/\/centers.ulbsibiu.ro\/ccsprise\/lact\/wp-json\/wp\/v2\/posts"}],"about":[{"href":"https:\/\/centers.ulbsibiu.ro\/ccsprise\/lact\/wp-json\/wp\/v2\/types\/post"}],"author":[{"embeddable":true,"href":"https:\/\/centers.ulbsibiu.ro\/ccsprise\/lact\/wp-json\/wp\/v2\/users\/2"}],"replies":[{"embeddable":true,"href":"https:\/\/centers.ulbsibiu.ro\/ccsprise\/lact\/wp-json\/wp\/v2\/comments?post=5983"}],"version-history":[{"count":1,"href":"https:\/\/centers.ulbsibiu.ro\/ccsprise\/lact\/wp-json\/wp\/v2\/posts\/5983\/revisions"}],"predecessor-version":[{"id":5984,"href":"https:\/\/centers.ulbsibiu.ro\/ccsprise\/lact\/wp-json\/wp\/v2\/posts\/5983\/revisions\/5984"}],"wp:attachment":[{"href":"https:\/\/centers.ulbsibiu.ro\/ccsprise\/lact\/wp-json\/wp\/v2\/media?parent=5983"}],"wp:term":[{"taxonomy":"category","embeddable":true,"href":"https:\/\/centers.ulbsibiu.ro\/ccsprise\/lact\/wp-json\/wp\/v2\/categories?post=5983"},{"taxonomy":"post_tag","embeddable":true,"href":"https:\/\/centers.ulbsibiu.ro\/ccsprise\/lact\/wp-json\/wp\/v2\/tags?post=5983"}],"curies":[{"name":"wp","href":"https:\/\/api.w.org\/{rel}","templated":true}]}}