{"id":5981,"date":"2019-02-21T18:36:31","date_gmt":"2019-02-21T16:36:31","guid":{"rendered":"https:\/\/centers.ulbsibiu.ro\/ccsprise\/lact\/?p=5981"},"modified":"2019-02-21T18:36:31","modified_gmt":"2019-02-21T16:36:31","slug":"vocebasarabiei-md-ultima-ora-separatistii-transnistreni-i-au-retinut-pe-presedintele-si-secretarul-unei-sectii-de-votare-pentru-regiunea-de-est","status":"publish","type":"post","link":"https:\/\/centers.ulbsibiu.ro\/ccsprise\/lact\/vocebasarabiei-md-ultima-ora-separatistii-transnistreni-i-au-retinut-pe-presedintele-si-secretarul-unei-sectii-de-votare-pentru-regiunea-de-est\/","title":{"rendered":"Vocebasarabiei.md &#8211; ULTIMA OR\u0102! Separati\u0219tii transnistreni i-au re\u021binut pe pre\u0219edintele \u0219i secretarul unei sec\u021bii de votare pentru regiunea de est"},"content":{"rendered":"<p>Doi func\u021bionari electorali din Anenii Noi \u0219i \u0219oferul ma\u0219inii cu care se deplasau au fost sechestra\u021bi de c\u0103tre separati\u0219tii transnistreni. Este vorba despre pre\u0219edintele \u0219i secretarul sec\u021biei de votare num\u0103rul 48\/10, creat\u0103 pentru votarea cet\u0103\u021benilor din regiunea transnistrean\u0103.<\/p>\n<p>To\u021bi trei au fost re\u021binu\u021bi la ie\u0219irea din satul Varni\u021ba de c\u0103tre reprezentan\u021bii structurilor de for\u021b\u0103 de la Tiraspol, \u00een timp ce se \u00eentorceau de la o instruire electoral\u0103 din satul Chirc\u0103ie\u0219ti, unde este amplasat\u0103 sec\u021bia de votare.<br \/>\nPotrivit informa\u021biilor de la poli\u021bie, func\u021bionarilor electoral le-au fost sechestrate dou\u0103 laptopuri folosite la nstruire. Autorit\u0103\u021bile \u00eentreprind m\u0103suri pentru eliberarea cet\u0103\u021benilor.<\/p>\n<p>Preciz\u0103m c\u0103 poli\u021bia a fost \u00eempotriva deschiderii sec\u021biei de votare anume \u00een satul Chirc\u0103ie\u0219ti din cauza posibilelor provoc\u0103ri din partea separati\u0219tilor. Decizia final\u0103 privind sec\u021bia 48\/10 a fost luat\u0103 la insisten\u021ba PSRM.<\/p>\n<p>Sursa:\u00a0<a href=\"https:\/\/voceabasarabiei.md\/electorala-2019\/item\/11073-ultima-ora-separatistii-transnistreni-i-au-retinut-pe-presedintele-si-secretarul-unei-sectii-de-votare-pentru-regiunea-de-est?fbclid=IwAR3ST8L8KqxpKXuGU2S1DRui8e5vukbU25CCt7FuP24SrWjtQ2m6wx_AytU\">https:\/\/voceabasarabiei.md\/<\/a><\/p>\n","protected":false},"excerpt":{"rendered":"<p>Doi func\u021bionari electorali din Anenii Noi \u0219i \u0219oferul ma\u0219inii cu care se deplasau au fost sechestra\u021bi de c\u0103tre separati\u0219tii transnistreni. Este vorba despre pre\u0219edintele \u0219i secretarul sec\u021biei de votare num\u0103rul 48\/10, creat\u0103 pentru votarea cet\u0103\u021benilor din regiunea transnistrean\u0103. To\u021bi trei au fost re\u021binu\u021bi la ie\u0219irea din satul Varni\u021ba de c\u0103tre reprezentan\u021bii structurilor de for\u021b\u0103 de&#8230;<\/p>\n","protected":false},"author":2,"featured_media":0,"comment_status":"closed","ping_status":"open","sticky":false,"template":"","format":"standard","meta":[],"categories":[1],"tags":[],"_links":{"self":[{"href":"https:\/\/centers.ulbsibiu.ro\/ccsprise\/lact\/wp-json\/wp\/v2\/posts\/5981"}],"collection":[{"href":"https:\/\/centers.ulbsibiu.ro\/ccsprise\/lact\/wp-json\/wp\/v2\/posts"}],"about":[{"href":"https:\/\/centers.ulbsibiu.ro\/ccsprise\/lact\/wp-json\/wp\/v2\/types\/post"}],"author":[{"embeddable":true,"href":"https:\/\/centers.ulbsibiu.ro\/ccsprise\/lact\/wp-json\/wp\/v2\/users\/2"}],"replies":[{"embeddable":true,"href":"https:\/\/centers.ulbsibiu.ro\/ccsprise\/lact\/wp-json\/wp\/v2\/comments?post=5981"}],"version-history":[{"count":1,"href":"https:\/\/centers.ulbsibiu.ro\/ccsprise\/lact\/wp-json\/wp\/v2\/posts\/5981\/revisions"}],"predecessor-version":[{"id":5982,"href":"https:\/\/centers.ulbsibiu.ro\/ccsprise\/lact\/wp-json\/wp\/v2\/posts\/5981\/revisions\/5982"}],"wp:attachment":[{"href":"https:\/\/centers.ulbsibiu.ro\/ccsprise\/lact\/wp-json\/wp\/v2\/media?parent=5981"}],"wp:term":[{"taxonomy":"category","embeddable":true,"href":"https:\/\/centers.ulbsibiu.ro\/ccsprise\/lact\/wp-json\/wp\/v2\/categories?post=5981"},{"taxonomy":"post_tag","embeddable":true,"href":"https:\/\/centers.ulbsibiu.ro\/ccsprise\/lact\/wp-json\/wp\/v2\/tags?post=5981"}],"curies":[{"name":"wp","href":"https:\/\/api.w.org\/{rel}","templated":true}]}}