{"id":5973,"date":"2019-02-21T17:32:27","date_gmt":"2019-02-21T15:32:27","guid":{"rendered":"https:\/\/centers.ulbsibiu.ro\/ccsprise\/lact\/?p=5973"},"modified":"2019-02-21T17:32:27","modified_gmt":"2019-02-21T15:32:27","slug":"ion-iovcev-ca-deputat-voi-cere-conditii-normale-pentru-scolile-romanesti-din-transnistria-si-revenirea-la-imnul-desteapta-te-romane","status":"publish","type":"post","link":"https:\/\/centers.ulbsibiu.ro\/ccsprise\/lact\/ion-iovcev-ca-deputat-voi-cere-conditii-normale-pentru-scolile-romanesti-din-transnistria-si-revenirea-la-imnul-desteapta-te-romane\/","title":{"rendered":"Ion Iovcev: Ca deputat, voi cere condi\u021bii normale pentru \u0219colile rom\u00e2ne\u0219ti din Transnistria \u0219i revenirea la imnul \u201eDe\u0219teapt\u0103-te rom\u00e2ne!\u201c"},"content":{"rendered":"<p><strong>Profesorul Ion Iovcev, directorul Liceului Teoretic \u201eLucian Blaga\u201c din Tiraspol,\u00a0 candidat la alegerile parlamentare din 24 februarie 2019 din partea Blocului ACUM, a acordat \u00een exclusivitate un interviu Laboratorului pentru Analiza Conflictului Transnistrean.<\/strong><\/p>\n<div id=\"attachment_5974\" style=\"width: 310px\" class=\"wp-caption aligncenter\"><img aria-describedby=\"caption-attachment-5974\" loading=\"lazy\" class=\"size-medium wp-image-5974\" src=\"https:\/\/centers.ulbsibiu.ro\/ccsprise\/lact\/wp-content\/uploads\/2019\/02\/iovcev-300x229.jpg\" alt=\"\" width=\"300\" height=\"229\" srcset=\"https:\/\/centers.ulbsibiu.ro\/ccsprise\/lact\/wp-content\/uploads\/2019\/02\/iovcev-300x229.jpg 300w, https:\/\/centers.ulbsibiu.ro\/ccsprise\/lact\/wp-content\/uploads\/2019\/02\/iovcev.jpg 513w\" sizes=\"(max-width: 300px) 100vw, 300px\" \/><p id=\"caption-attachment-5974\" class=\"wp-caption-text\"><em><strong>Ion Iovcev<\/strong><\/em><\/p><\/div>\n<p>&nbsp;<\/p>\n<p><em>Stimate domnule director, ocupa\u021bi aceast\u0103 func\u021bie \u00een cadrul Liceului Teoretic \u201eLucian Blaga\u201d din Tiraspol \u00eenc\u0103 de la \u00eentemeiere. Liceul revendic\u0103 acela\u0219i patron spiritual cu Universitatea \u201eLucian Blaga\u201d din Sibiu, pe acest fundament simbolic constituindu-se formule practice de cooperare. Ne pute\u021bi descrie c\u00e2teva dintre acestea?<\/em><\/p>\n<p><em>\u00a0<\/em><\/p>\n<p>Ion IOVCEV:\u00a0 Sunt directorul Liceului Teoretic \u201eLucian Blaga\u201c din 27 mai 1992. Am fost numit director \u00een timpul r\u0103zboiului ruso-moldav din anul 1992, cu numai c\u00e2teva zile \u00eenainte de desf\u0103\u0219urarea evenimentelor s\u00e2ngeroase de la 19 iunie a aceluia\u0219i an. A fost foarte greu, dar am rezistat \u00eempreun\u0103 cu colectivul de profesori \u0219i p\u0103rin\u021bi ai \u0219colii nr.20, a\u0219a cum se numea pe atunci. Numele lui\u00a0 \u201eLucian Blaga\u201d l-am atribuit Liceului pe 7 iulie 2004, cu numai \u00a0o s\u0103pt\u0103m\u00e2n\u0103 \u00eenainte de devastarea institu\u021biei din partea autorit\u0103\u021bilor separatiste din Tiraspol, \u00a0la indica\u021biile fostului \u201epre\u0219edinte\u201d al RMN, Igor Smirnov. \u00cen alegerea patronului spiritual al Liceului a influen\u021bat vizita la noi a poetului, politicianului, marelui patriot ardelean Ioan Alexandru.<\/p>\n<p>\u00cemi aduc aminte acele clipe, c\u00e2nd Marele Rom\u00e2n a \u00eengenuncheat \u00een biroul meu, \u00een fa\u021ba icoanei \u0219i a s\u0103rutat podeaua, spun\u00e2ndu-ne c\u0103 suntem Martirii Neamului. Nu am s\u0103 uit niciodat\u0103 cuvintele spuse in fa\u021ba elevilor: \u201e\u0218i c\u00e2t n-a\u021bi fi de umili\u021bi, s\u0103 \u021bine\u021bi candela aprins\u0103!\u201d \u0218i acest lucru am \u0219i f\u0103cut \u0219i facem, aici, \u00een st\u00e2nga Nistrului, \u00een inima separatismului transnistrean: \u021ainem aprins\u0103 candela rom\u00e2nismului!<\/p>\n<p>Cu privire la rela\u021bia cu Universitatea \u201eLucian Blaga\u201d, aceasta a \u00eenceput cu vizita pe care a f\u0103cut-o domnul profesor universitar Eugen Str\u0103u\u021biu la noi la liceu. Apoi \u0219i noi, directori \u0219i elevii de la institu\u021biile rom\u00e2ne\u0219ti din st\u00e2nga Nistului \u0219i ora\u0219ul Tighina, am fost invita\u021bi la Sibiu, \u00een proiectul \u201eGrafia latin\u0103 \u00een spa\u021biul cultural rom\u00e2nesc\u201d. Ulterior am f\u0103cut cuno\u0219tin\u021b\u0103 cu rectorul Universit\u0103\u021bii,\u00a0 domnul profesor universitar doctor inginer Ioan Bondrea &#8211; un om de o cultur\u0103 european\u0103 deosebit\u0103, un rom\u00e2n cu inima mare.<\/p>\n<p>De atunci ne-a legat o prietenie str\u00e2ns\u0103 \u0219i mereu am fost \u00een\u021bele\u0219i \u0219i ajuta\u021bi. Astfel, domnul rector ne-a acordat burse speciale pentru absolven\u021bii liceului \u201eLucian Blaga\u201d din Tiraspol, \u0219i a donat literatur\u0103 artistic\u0103 \u0219i didactic\u0103. Am fost invita\u021bi cu un grup de elevi de la Tiraspol \u0219i un grup de elevi de la o institu\u021bie de \u00eenv\u0103\u021b\u0103m\u00e2nt din Chi\u0219in\u0103u \u00eentr-o vizit\u0103 la Sibiu, vizit\u0103 ce ne-a r\u0103mas \u00een memorie pentru toat\u0103 via\u021ba!<\/p>\n<p>Colaborarea noastr\u0103 continu\u0103.<\/p>\n<p>&nbsp;<\/p>\n<p><em>Pe parcursul mandatului Dvs., a\u021bi cunoscut perioade de criz\u0103 \u0219i violen\u021b\u0103 \u00een rela\u021bia cu autorit\u0103\u021bile, dar \u0219i perioade de relativ\u0103 stabilitate. Cum a\u021bi caracteriza prezentul institu\u021biei pe care o conduce\u021bi, \u0219i perspectiva acesteia?<\/em><\/p>\n<p>&nbsp;<\/p>\n<p>Ion IOVCEV:\u00a0 Da, pe parcursul anilor de c\u00e2nd exist\u0103 aceast\u0103 institu\u021bie am avut din partea autorit\u0103\u021bilor din Tiraspol presiuni mari, dureroase. Mereu a fost \u00een pericol existen\u021ba\u00a0 acestei institu\u021bii rom\u00e2ne\u0219ti din st\u00e2nga Nistrului, dar n-am cedat. Am fost uni\u021bi \u0219i sus\u021binu\u021bi, \u00een primul r\u00e2nd, de rom\u00e2nii din \u021aar\u0103 \u0219i de Comunitatea Interna\u021bional\u0103. Prin ceea ce am trecut se \u0219tie bine, de aceea nu voi vorbi acum. Pot s\u0103 spun doar c\u0103, \u00een prezent, este ceva mai u\u0219or, aparent este mai bine, dar nu uit\u0103m nicio clip\u0103 c\u0103 suntem ostaticii acestui regim creat \u0219i sus\u021binut de Moscova. Cred \u00een viitorul \u0219colii rom\u00e2ne\u0219ti, dar pentru aceasta trebuie s\u0103 contribuie \u0219i conducerea de v\u00e2rf a Republicii Moldova, c\u00e2t \u0219i Bucure\u0219tiul. Trebuie creat\u0103 o baz\u0103 material\u0103 bun\u0103 \u0219i, \u00een mai ales, este nevoie de construc\u021bia ori procurarea unui edificiu nou, ce corespunde condi\u021biilor unui liceu contemporan. \u0218i acest lucru trebuie f\u0103cut nu doar \u00een Tiraspol, ci\u00a0 \u00een toate cele opt \u0219coli rom\u00e2ne\u0219ti din zon\u0103. Numai uni\u021bi putem supravie\u021bui!<\/p>\n<p>&nbsp;<\/p>\n<p><em>Sunte\u021bi candidat din partea Blocului ACUM \u00een circumscrip\u021bia transnistrean\u0103. Care este specificul candidaturii Dvs., \u00een compara\u021bie cu evolu\u021bia candida\u021bilor din dreapta Nistrului? Cum reu\u0219i\u021bi s\u0103 face\u021bi fa\u021b\u0103 dificult\u0103\u021bilor suplimentare?<\/em><\/p>\n<p>&nbsp;<\/p>\n<p>Ion IOVCEV:\u00a0 Sunt candidat la func\u021bia de deputat pe circumscrip\u021bia nr. 48 Transnistria Sud, adic\u0103 Slobozia, Tiraspol \u0219i ora\u0219ul Bender. Am depus actele 12 candida\u021bi, dintre care au fost \u00eenregistra\u021bi cinci. Ast\u0103zi v\u0103d c\u0103 au mai fost \u00eenregistra\u021bi \u00eenc\u0103 doi, care au fost respin\u0219i ini\u021bial de CEC, pentru ca ulterior s\u0103 fie \u00eenregistra\u021bi prin Hot\u0103r\u00e2rea de Judecat\u0103.<\/p>\n<p>Este\u00a0 foarte greu s\u0103 faci agita\u021bie electoral\u0103 \u00een st\u00e2nga Nistrului; de fapt, este imposibil. Nu putem merge de la cas\u0103 la cas\u0103, nici nu pot s\u0103 m\u0103 \u00eent\u00e2lnesc cu poten\u021bialii mei votan\u021bi. Nu pot vorbi la radio ori televiziune. M\u0103 bazez doar pe faptul c\u0103 foarte mult\u0103 lume m\u0103 cunoa\u0219te prin activitatea pe care am avut-o aici, \u00een st\u00e2nga Nistrului. M\u0103 refer nu numai la popula\u021bia vorbitoare de limba rom\u00e2n\u0103, dar \u0219i la cea vorbitoare de limba rus\u0103.<\/p>\n<p>Este evident, candidatul sociali\u0219tilor este f\u0103\u021bi\u0219 sus\u021binut de autorit\u0103\u021bile din Tiraspol. De la surse de \u00eencredere am aflat (oamenii se tem s\u0103 divulge ceea ce le propun sociali\u0219tii) c\u0103 pentru fiecare sut\u0103 de aleg\u0103tori \u0219i un organizator li se propun 13.000 lei moldovene\u0219ti &#8211; c\u00e2te o sut\u0103 pentru un vot \u0219i 3000 de lei pentru cel ce se ocup\u0103 cu captarea lor. La dispozi\u021bia va fi transport gratuit p\u00e2n\u0103 la locul de votare \u0219i \u00eenapoi.<\/p>\n<p>\u00cenc\u0103 o problem\u0103 a ap\u0103rut prin Hot\u0103r\u00e2rea CEC-ului de a\u00a0 reamplasa unele sec\u021bii din apropierea ora\u0219elor Slobozia, Tiraspol, Bender, R\u00e2bni\u021ba, Dub\u0103sari, Grigoriopol, \u00een raioanele mai \u00eendep\u0103rtate de aceast\u0103 zon\u0103. Sec\u021bii de votare \u00een Transnistria nu sunt, \u0219i pentru a merge la o a\u0219a distan\u021b\u0103 mare pentru a vota, nu oricine are dorin\u021ba, dar este vorba \u0219i de cheltuielile de transport.<\/p>\n<p>Da, totul se face inten\u021bionat \u00een favoarea unor anumi\u021bi candida\u021bi \u0219i, \u00een primul r\u00e2nd, pentru candidatul sociali\u0219tilor.<\/p>\n<p><em>\u00a0<\/em><\/p>\n<p><em>\u00cen cazul c\u0103 ve\u021bi fi ales deputat, care sunt temele pe care inten\u021biona\u021bi s\u0103 le promova\u021bi \u00een Parlamentul de la Chi\u0219in\u0103u?<\/em><\/p>\n<p>&nbsp;<\/p>\n<p>Ion IOVCEV:\u00a0 Dac\u0103 voi fi ales deputat \u00een Parlamentul\u00a0 de la Chi\u0219in\u0103u, este clar c\u0103 principalele teme vor fi legate de educa\u021bie \u0219i, \u00een primul r\u00e2nd, de educa\u021bia tinerei genera\u021bii vorbitoare de limba rom\u00e2n\u0103. Voi atrage aten\u021bia la genocidul popula\u021biei b\u0103\u0219tina\u0219e \u00een domeniul educa\u021biei \u00een limba matern\u0103. Cu toate c\u0103, \u00een st\u00e2nga Nistrului, sunt declarate trei limbi oficiale (rusa, ucraineana \u0219i moldoveneasca &#8211; cum\u00a0 numesc ei limba rom\u00e2n\u0103), aici exist\u0103 doar o singur\u0103 limb\u0103: limba rus\u0103. Are loc o rusificare intens\u0103.<\/p>\n<p>Voi face tot posibilul ca elevii b\u0103\u0219tina\u0219ilor s\u0103 poat\u0103 \u00eenv\u0103\u021ba a\u0219a cum \u00eenva\u021b\u0103 elevii din dreapta Nistrului.<\/p>\n<p>Voi cere de la Guvernul Republicii Moldova s\u0103 g\u0103seasc\u0103 finan\u021be \u0219i s\u0103 cear\u0103 de la Tiraspol\u00a0 condi\u021bii normale pentru cele opt \u0219coli rom\u00e2ne\u0219ti (cl\u0103diri adecvate pentru procesul de instruire, cu laboratoare, cantine, s\u0103li de sport \u0219i festive). Sa re\u00eentoarc\u0103 Liceul \u201e\u0218tefan cel Mare \u0219i Sf\u00e2nt\u201d din Doro\u021bcaia \u00een Grigoriopol \u0219i Liceul \u201eMihai Eminescu\u201d \u00een Dub\u0103sari.<\/p>\n<p>S\u0103 cear\u0103 de la Tiraspol, ca vorbitorii de limba rom\u00e2n\u0103 s\u0103 aib\u0103 acces la posturile de radio \u0219i\u00a0 TV ale Republicii Moldova, la mass-media moldoveneasc\u0103.<\/p>\n<p>Voi vorbi despre problema asigur\u0103rii medicale a cet\u0103\u021benilor Republicii Moldova, care locuiesc \u00een st\u00e2nga Nistrului \u0219i ora\u0219ul Bender.<\/p>\n<p>Voi opta pentru\u00a0 libera circula\u021bie a cet\u0103\u021benilor Republicii \u00a0Moldova, prin a\u0219a-numita \u201evam\u0103 transnistrean\u0103\u201d.<\/p>\n<p>Fiind \u00een comisia pentru educa\u021bie, voi opta pentru schimbarea articolului 13 \u0219i de asemenea la revenirea Imnului de Stat al Republicii Moldova \u201eDe\u0219teapt\u0103-te, rom\u00e2ne!\u201d, \u00a0a\u0219a cum a fost scris \u00een \u201eDeclara\u021bia de Independen\u021b\u0103 a Republicii Moldova\u201d.<\/p>\n<p>&nbsp;<\/p>\n<p><em>\u00cen principiu \u0219i, eventual, \u00een detalii, cum vede\u021bi solu\u021bionarea problemei transnistrene?<\/em><\/p>\n<p>&nbsp;<\/p>\n<p>Ion IOVCEV:\u00a0 Problema transnistrean\u0103 trebuie rezolvat\u0103 doar pe cale pa\u0219nic\u0103. Trebuie\u00a0 ridicat nivelul de via\u021b\u0103 \u00een raioanele din dreapta Nistrului, salariile \u0219i pensiile, luptat cu corup\u021bia, asigurat libera circula\u021bie, accesul la presa liber\u0103, cre\u0219terea nivelului de cultur\u0103.<\/p>\n<p>De declarat Transnistria zon\u0103 de ocupa\u021bie a Federa\u021biei Ruse \u0219i de cerut schimbarea \u00a0formatului\u00a0 de men\u021binere a p\u0103cii.\u00a0De conlucrat cu Ucraina \u00een ceea ce \u021bine de securizarea frontierei de est a Republicii Moldova.\u00a0De extins proiectele interna\u021bionale pentru locuitorii din raioanele de est \u0219i ora\u0219ul Bender.<\/p>\n","protected":false},"excerpt":{"rendered":"<p>Profesorul Ion Iovcev, directorul Liceului Teoretic \u201eLucian Blaga\u201c din Tiraspol,\u00a0 candidat la alegerile parlamentare din 24 februarie 2019 din partea Blocului ACUM, a acordat \u00een exclusivitate un interviu Laboratorului pentru Analiza Conflictului Transnistrean. &nbsp; Stimate domnule director, ocupa\u021bi aceast\u0103 func\u021bie \u00een cadrul Liceului Teoretic \u201eLucian Blaga\u201d din Tiraspol \u00eenc\u0103 de la \u00eentemeiere. Liceul revendic\u0103 acela\u0219i&#8230;<\/p>\n","protected":false},"author":2,"featured_media":0,"comment_status":"closed","ping_status":"open","sticky":false,"template":"","format":"standard","meta":[],"categories":[24],"tags":[],"_links":{"self":[{"href":"https:\/\/centers.ulbsibiu.ro\/ccsprise\/lact\/wp-json\/wp\/v2\/posts\/5973"}],"collection":[{"href":"https:\/\/centers.ulbsibiu.ro\/ccsprise\/lact\/wp-json\/wp\/v2\/posts"}],"about":[{"href":"https:\/\/centers.ulbsibiu.ro\/ccsprise\/lact\/wp-json\/wp\/v2\/types\/post"}],"author":[{"embeddable":true,"href":"https:\/\/centers.ulbsibiu.ro\/ccsprise\/lact\/wp-json\/wp\/v2\/users\/2"}],"replies":[{"embeddable":true,"href":"https:\/\/centers.ulbsibiu.ro\/ccsprise\/lact\/wp-json\/wp\/v2\/comments?post=5973"}],"version-history":[{"count":4,"href":"https:\/\/centers.ulbsibiu.ro\/ccsprise\/lact\/wp-json\/wp\/v2\/posts\/5973\/revisions"}],"predecessor-version":[{"id":5978,"href":"https:\/\/centers.ulbsibiu.ro\/ccsprise\/lact\/wp-json\/wp\/v2\/posts\/5973\/revisions\/5978"}],"wp:attachment":[{"href":"https:\/\/centers.ulbsibiu.ro\/ccsprise\/lact\/wp-json\/wp\/v2\/media?parent=5973"}],"wp:term":[{"taxonomy":"category","embeddable":true,"href":"https:\/\/centers.ulbsibiu.ro\/ccsprise\/lact\/wp-json\/wp\/v2\/categories?post=5973"},{"taxonomy":"post_tag","embeddable":true,"href":"https:\/\/centers.ulbsibiu.ro\/ccsprise\/lact\/wp-json\/wp\/v2\/tags?post=5973"}],"curies":[{"name":"wp","href":"https:\/\/api.w.org\/{rel}","templated":true}]}}