{"id":5969,"date":"2019-02-20T17:52:57","date_gmt":"2019-02-20T15:52:57","guid":{"rendered":"https:\/\/centers.ulbsibiu.ro\/ccsprise\/lact\/?p=5969"},"modified":"2019-02-20T17:52:57","modified_gmt":"2019-02-20T15:52:57","slug":"infotag-md-componenta-sovietului-suprem-al-transnistriei-ar-putea-fi-redusa-de-la-43-la-33-de-deputati","status":"publish","type":"post","link":"https:\/\/centers.ulbsibiu.ro\/ccsprise\/lact\/infotag-md-componenta-sovietului-suprem-al-transnistriei-ar-putea-fi-redusa-de-la-43-la-33-de-deputati\/","title":{"rendered":"Infotag.md &#8211; COMPONEN\u0162A SOVIETULUI SUPREM AL TRANSNISTRIEI AR PUTEA FI REDUS\u0102 DE LA 43 LA 33 DE DEPUTA\u0162I"},"content":{"rendered":"<p>Componen\u0163a Sovietului Suprem al autoproclamatei RMN ar putea fi redus\u0103 de la 43 la 33 de deputa\u0163i.<br \/>\nPotrivit agen\u0163iei INFOTAG, acest lucru este prev\u0103zut de amendamentele la Constitu\u021bie \u0219i Codul electoral, propuse de comitetul pentru legisla\u021bie, ap\u0103rare, securitate, men\u021binere a p\u0103cii, ap\u0103rarea drepturilor \u0219i libert\u0103\u021bilor cet\u0103\u021benilor.<br \/>\nObiectivul acestora \u0163ine de \u201eutilizarea ra\u021bional\u0103 a mijloacelor bugetare pentru func\u021bionarea organelor legislativ \u0219i reprezentativ, precum \u0219i maximizarea eficien\u021bei \u0219i operativit\u0103\u0163ii activit\u0103\u021bii acestora\u201d.<br \/>\nAutorii proiectului de lege au calculat c\u0103, prin reducerea num\u0103rului de deputa\u021bi, deja la urm\u0103toarele alegeri parlamentare din 2020, cheltuielile pentru desf\u0103\u015furarea acestora se vor reduce cu 20% sau 2 mil. ruble.<br \/>\n\u00cen opinia lor, reducerea num\u0103rului de deputa\u0163i \u00een Sovietul Suprem \u201eeste necesar\u0103 pentru cvorum, pentru identificarea unei majorit\u0103\u021bi calificate, pentru rezolvarea chestiunilor procedurale, pentru formarea grupurilor de deputa\u021bi \u0219i a frac\u021biunilor\u201d.<br \/>\nDocumentul propune, de asemenea, o ajustare a procedurii de formare a consiliilor raionale de deputa\u021bi, astfel c\u0103 num\u0103rul ale\u0219ilor locali va fi redus de la 324 la 247.<br \/>\nINFOTAG: \u00cen perioada 2013-2014, fostul pre\u0219edinte al Transnistriei, Evghenii \u0218evciuk, a lansat de dou\u0103 ori ini\u0163iativa de reducere a num\u0103rului de deputa\u021bi, dar parlamentul transnistrean deseori bloca ini\u021biativele lui.<\/p>\n<p>Sursa:\u00a0<a href=\"http:\/\/www.infotag.md\/rebelion-ro\/272797\/\">http:\/\/www.infotag.md\/<\/a><\/p>\n","protected":false},"excerpt":{"rendered":"<p>Componen\u0163a Sovietului Suprem al autoproclamatei RMN ar putea fi redus\u0103 de la 43 la 33 de deputa\u0163i. Potrivit agen\u0163iei INFOTAG, acest lucru este prev\u0103zut de amendamentele la Constitu\u021bie \u0219i Codul electoral, propuse de comitetul pentru legisla\u021bie, ap\u0103rare, securitate, men\u021binere a p\u0103cii, ap\u0103rarea drepturilor \u0219i libert\u0103\u021bilor cet\u0103\u021benilor. Obiectivul acestora \u0163ine de \u201eutilizarea ra\u021bional\u0103 a mijloacelor bugetare&#8230;<\/p>\n","protected":false},"author":2,"featured_media":0,"comment_status":"closed","ping_status":"open","sticky":false,"template":"","format":"standard","meta":[],"categories":[1],"tags":[],"_links":{"self":[{"href":"https:\/\/centers.ulbsibiu.ro\/ccsprise\/lact\/wp-json\/wp\/v2\/posts\/5969"}],"collection":[{"href":"https:\/\/centers.ulbsibiu.ro\/ccsprise\/lact\/wp-json\/wp\/v2\/posts"}],"about":[{"href":"https:\/\/centers.ulbsibiu.ro\/ccsprise\/lact\/wp-json\/wp\/v2\/types\/post"}],"author":[{"embeddable":true,"href":"https:\/\/centers.ulbsibiu.ro\/ccsprise\/lact\/wp-json\/wp\/v2\/users\/2"}],"replies":[{"embeddable":true,"href":"https:\/\/centers.ulbsibiu.ro\/ccsprise\/lact\/wp-json\/wp\/v2\/comments?post=5969"}],"version-history":[{"count":1,"href":"https:\/\/centers.ulbsibiu.ro\/ccsprise\/lact\/wp-json\/wp\/v2\/posts\/5969\/revisions"}],"predecessor-version":[{"id":5970,"href":"https:\/\/centers.ulbsibiu.ro\/ccsprise\/lact\/wp-json\/wp\/v2\/posts\/5969\/revisions\/5970"}],"wp:attachment":[{"href":"https:\/\/centers.ulbsibiu.ro\/ccsprise\/lact\/wp-json\/wp\/v2\/media?parent=5969"}],"wp:term":[{"taxonomy":"category","embeddable":true,"href":"https:\/\/centers.ulbsibiu.ro\/ccsprise\/lact\/wp-json\/wp\/v2\/categories?post=5969"},{"taxonomy":"post_tag","embeddable":true,"href":"https:\/\/centers.ulbsibiu.ro\/ccsprise\/lact\/wp-json\/wp\/v2\/tags?post=5969"}],"curies":[{"name":"wp","href":"https:\/\/api.w.org\/{rel}","templated":true}]}}