{"id":5966,"date":"2019-02-19T18:50:58","date_gmt":"2019-02-19T16:50:58","guid":{"rendered":"https:\/\/centers.ulbsibiu.ro\/ccsprise\/lact\/?p=5966"},"modified":"2019-02-19T18:50:58","modified_gmt":"2019-02-19T16:50:58","slug":"ziarulnational-md-material-factologic-important-inclusiv-despre-arestarea-separatistului-smirnov-in-cartea-adevarul-despre-agresiunea-rusa-din-transnistria-lansata-la-chisinau","status":"publish","type":"post","link":"https:\/\/centers.ulbsibiu.ro\/ccsprise\/lact\/ziarulnational-md-material-factologic-important-inclusiv-despre-arestarea-separatistului-smirnov-in-cartea-adevarul-despre-agresiunea-rusa-din-transnistria-lansata-la-chisinau\/","title":{"rendered":"Ziarulnational.md &#8211; Material factologic important, inclusiv despre ARESTAREA separatistului Smirnov, \u00een cartea \u201eAdev\u0103rul despre AGRESIUNEA rus\u0103 din Transnistria\u201d, lansat\u0103 la Chi\u0219in\u0103u: \u201e\u00cempotriva ursului violent \u0219i \u00eenarmat trebuie s\u0103 fie SUA \u0219i \u021b\u0103rile occidentale\u201d"},"content":{"rendered":"<p>\u201eAdev\u0103rul despre agresiunea rus\u0103 din Transnistria\u201d, o carte care con\u021bine documente \u0219i m\u0103rturii importante despre r\u0103zboiul din 1992 din Transnistria, a fost lansat\u0103 ast\u0103zi la Chi\u0219in\u0103u de c\u0103tre colonelul Valeriu Cerba, participant la conflictul armat, fiind responsabil inclusiv de misiuni speciale.<\/p>\n<p>Primul pre\u0219edinte al R. Moldova, Mircea Snegur, prezent la lansare, a declarat c\u0103 Valeriu Cerba a folosit \u201emateriale concrete\u201d, \u00eencep\u00e2nd de la istoria teritoriului din st\u00e2nga Nistrului locuit de rom\u00e2ni-moldoveni. De asemenea, \u00een carte este documentat \u0219i episodul arest\u0103rii liderului separatist Igor Smirnov, despre care Snegur spune c\u0103 a fost eliberat ulterior \u201e\u00een baza unei decizii colective\u201d, cel al prevenirii unei catastrofe ecologice, al semn\u0103rii acordului moldo-rus de \u00eencetare a focului, \u00een total 64 de episoade.<\/p>\n<p>\u201eMaterialul factologic este impun\u0103tor \u0219i veridic \u0219i \u00eendrept\u0103\u021be\u0219te \u00eentru totul titlul c\u0103r\u021bii. Este, \u00eentr-adev\u0103r, o agresiune rus\u0103 care, din p\u0103cate, continu\u0103 \u0219i ast\u0103zi\u201d, a declarat Mircea Snegur.<\/p>\n<p>Potrivit istoricului Anatol \u021a\u0103ranu, cartea prezint\u0103 lucruri captivante ce ne fac s\u0103 \u00een\u021belegem ce s-a \u00eent\u00e2mplat cu adev\u0103rat \u00een 1992 \u0219i presiunile la care a fost supus acest teritoriu pentru a r\u0103m\u00e2ne sub influen\u021ba Federa\u021biei Ruse.<\/p>\n<p><span style=\"display: inline !important; float: none; background-color: transparent; color: #383536; font-family: 'Open Sans',sans-serif; font-size: 16px; font-style: normal; font-variant: normal; font-weight: 400; letter-spacing: normal; orphans: 2; text-align: left; text-decoration: none; text-indent: 0px; text-transform: none; -webkit-text-stroke-width: 0px; white-space: normal; word-spacing: 0px;\">Datorit\u0103 faptului c\u0103 a fost participant la r\u0103zboiul din 1992, Valeriu Cerb\u0103 prezint\u0103 \u00een carte lucruri inedite, inclusiv \u00een baza unor misiuni speciale pe care le-a \u00eendeplinit. De exemplu, \u00een 1992 a fost lansat\u0103 \u201eo idee n\u0103stru\u0219nic\u0103\u201d de a arunca \u00een aer muni\u021biile Armatei a 14-a stocate la Cobasna, dar i-a oprit ministrul Antoci, spun\u00e2nd c\u0103 astfel ar exploda \u201ejum\u0103tate de Europ\u0103\u201d: \u201eNu \u0219tiam c\u0103 acolo erau adunate 40 de mii de tone de armament\u201d.<\/span><\/p>\n<p><span style=\"display: inline !important; float: none; background-color: transparent; color: #383536; font-family: 'Open Sans',sans-serif; font-size: 16px; font-style: normal; font-variant: normal; font-weight: 400; letter-spacing: normal; orphans: 2; text-align: left; text-decoration: none; text-indent: 0px; text-transform: none; -webkit-text-stroke-width: 0px; white-space: normal; word-spacing: 0px;\"> \u201eNoi ne luptam cu un elefant, fiind \u00een pozi\u021bia de \u0219oricel. Am scris \u0219i despre consecin\u021bele juridice ale acordului moldo-rus, care a fost unul dezavantajos pentru noi. (&#8230;) Actualmente ne-am pomenit, 28 de ani, cu trupe str\u0103ine, cu o clas\u0103 politic\u0103 \u0219i o societate puternic dezbinate, \u00eentr-o s\u0103r\u0103cie cumplit\u0103, cople\u0219i\u021bi de instabilitate. \u00cen condi\u021biile actuale, avocatul nostru \u00eempotriva ursului violent \u0219i \u00eenarmat trebuie s\u0103 fie SUA \u0219i \u021b\u0103rile occidentale, Rom\u00e2nia trebuie s\u0103 joace ca un actor important \u00een aceast\u0103 zon\u0103 \u0219i necondi\u021bionat trebuie de schimbat formatul pacificator, fiindc\u0103 e unicul caz \u00een lume c\u00e2nd p\u0103r\u021bile antrenate \u00een conflictul militar au statut de pacificatori \u0219i mediatori. Deci, agresorul a \u00eembr\u0103cat peste noapte haina de pacificator, mediator \u0219i garant. Iat\u0103 haina asta noi trebuie s-o dezbr\u0103c\u0103m \u0219i s\u0103-i trimitem acas\u0103 \u0219i s\u0103 evacu\u0103m de pe teritoriul nostru Armata a 14-a\u201d, a spus Valeriu Cerba.<\/span><\/p>\n<p><span style=\"display: inline !important; float: none; background-color: transparent; color: #383536; font-family: 'Open Sans',sans-serif; font-size: 16px; font-style: normal; font-variant: normal; font-weight: 400; letter-spacing: normal; orphans: 2; text-align: left; text-decoration: none; text-indent: 0px; text-transform: none; -webkit-text-stroke-width: 0px; white-space: normal; word-spacing: 0px;\"> Valeriu Cerb\u0103 a lucrat la aceast\u0103 carte timp de zece ani. <\/span><\/p>\n<p>Sursa:\u00a0<a href=\"https:\/\/www.ziarulnational.md\/material-factologic-important-inclusiv-despre-arestarea-separatistului-smirnov-in-cartea-adevarul-despre-agresiunea-rusa-din-transnistria-lansata-la-chisinau\/\">https:\/\/www.ziarulnational.md\/<\/a><\/p>\n","protected":false},"excerpt":{"rendered":"<p>\u201eAdev\u0103rul despre agresiunea rus\u0103 din Transnistria\u201d, o carte care con\u021bine documente \u0219i m\u0103rturii importante despre r\u0103zboiul din 1992 din Transnistria, a fost lansat\u0103 ast\u0103zi la Chi\u0219in\u0103u de c\u0103tre colonelul Valeriu Cerba, participant la conflictul armat, fiind responsabil inclusiv de misiuni speciale. Primul pre\u0219edinte al R. Moldova, Mircea Snegur, prezent la lansare, a declarat c\u0103 Valeriu&#8230;<\/p>\n","protected":false},"author":2,"featured_media":0,"comment_status":"closed","ping_status":"open","sticky":false,"template":"","format":"standard","meta":[],"categories":[1],"tags":[],"_links":{"self":[{"href":"https:\/\/centers.ulbsibiu.ro\/ccsprise\/lact\/wp-json\/wp\/v2\/posts\/5966"}],"collection":[{"href":"https:\/\/centers.ulbsibiu.ro\/ccsprise\/lact\/wp-json\/wp\/v2\/posts"}],"about":[{"href":"https:\/\/centers.ulbsibiu.ro\/ccsprise\/lact\/wp-json\/wp\/v2\/types\/post"}],"author":[{"embeddable":true,"href":"https:\/\/centers.ulbsibiu.ro\/ccsprise\/lact\/wp-json\/wp\/v2\/users\/2"}],"replies":[{"embeddable":true,"href":"https:\/\/centers.ulbsibiu.ro\/ccsprise\/lact\/wp-json\/wp\/v2\/comments?post=5966"}],"version-history":[{"count":1,"href":"https:\/\/centers.ulbsibiu.ro\/ccsprise\/lact\/wp-json\/wp\/v2\/posts\/5966\/revisions"}],"predecessor-version":[{"id":5967,"href":"https:\/\/centers.ulbsibiu.ro\/ccsprise\/lact\/wp-json\/wp\/v2\/posts\/5966\/revisions\/5967"}],"wp:attachment":[{"href":"https:\/\/centers.ulbsibiu.ro\/ccsprise\/lact\/wp-json\/wp\/v2\/media?parent=5966"}],"wp:term":[{"taxonomy":"category","embeddable":true,"href":"https:\/\/centers.ulbsibiu.ro\/ccsprise\/lact\/wp-json\/wp\/v2\/categories?post=5966"},{"taxonomy":"post_tag","embeddable":true,"href":"https:\/\/centers.ulbsibiu.ro\/ccsprise\/lact\/wp-json\/wp\/v2\/tags?post=5966"}],"curies":[{"name":"wp","href":"https:\/\/api.w.org\/{rel}","templated":true}]}}