{"id":5960,"date":"2019-02-16T16:49:29","date_gmt":"2019-02-16T14:49:29","guid":{"rendered":"https:\/\/centers.ulbsibiu.ro\/ccsprise\/lact\/?p=5960"},"modified":"2019-02-16T16:49:29","modified_gmt":"2019-02-16T14:49:29","slug":"gov-md-tiraspolul-refuza-sa-elimine-posturile-graniceresti-din-zona-de-securitate","status":"publish","type":"post","link":"https:\/\/centers.ulbsibiu.ro\/ccsprise\/lact\/gov-md-tiraspolul-refuza-sa-elimine-posturile-graniceresti-din-zona-de-securitate\/","title":{"rendered":"Gov.md &#8211; Tiraspolul refuz\u0103 s\u0103 elimine posturile \u201egr\u0103nicere\u0219ti\u201d din Zona de Securitate"},"content":{"rendered":"<p>La \u0219edin\u021ba Comisiei Unificate de Control (CUC) din 14 februarie Delega\u021bia Republicii Moldova \u0219i-a expus pozi\u021bia asupra unor aspecte legate de respectarea regimului Zonei de Securitate. \u00cen documentul adresat celorlalte componente ale Comisiei, delega\u021bia moldoveneasc\u0103 a f\u0103cut apel c\u0103tre reprezentan\u021bii Federa\u021biei Ruse, Ucrainei \u0219i Misiunii OSCE pentru a condamna ac\u021biunile ilegale ale Tiraspolului care pericliteaz\u0103 securitatea \u00een regiune. Amintim c\u0103 anterior a fost demascat\u0103 \u00eencercarea p\u0103r\u021bii transnistrene de a modifica hotarele Zonei de Securitate, prezent\u00eend drept \u201edovad\u0103\u201d o hart\u0103 falsificat\u0103.<br \/>\n\u00cen cadrul dezbaterii subiectelor de pe agend\u0103, delega\u021bia Republicii Moldova a semnalat din nou instalarea ilegal\u0103 a posturilor transnistrene de \u201egr\u0103niceri\u201d de-a lungul liniei administrative (\u00een total \u00een jur de 22 posturi mobile sau fixe). De\u0219i amplasarea acestor structuri militare \u00een Zona de Securitate este interzis\u0103 prin Acordul moldo-rus semnat la 21 iulie 1992, delega\u021bia transnistrean\u0103 afirm\u0103 c\u0103 posturile \u201egr\u0103nicere\u0219ti\u201d vor continua s\u0103 func\u021bioneze, declin\u00e2ndu-\u0219i competen\u021ba de a influen\u021ba eliminarea acestora. Cu referire la identificarea unei posibile solu\u021bii, conduc\u0103torul delega\u021biei Federa\u021biei Ruse I. Uvarov a propus discutarea acestei probleme, dar \u0219i altor subiecte importante la care nu exist\u0103 consens, \u00een cadrul unei \u0219edin\u021be a copre\u0219edin\u021bilor Comisiei Unificate de Control.<br \/>\nLa aceea\u0219i reuniune, reprezentan\u021bii Misiunii OSCE \u00een Republica Moldova delega\u021bi \u00een CUC au adus la cuno\u0219tin\u021b\u0103 evolu\u021biile \u00eenregistrate \u00een activitatea grupului de lucru pentru problema posturilor, care s-a \u00eentrunit mar\u021bi.<br \/>\nDe asemenea, a fost audiat raportul Comandamentului Militar \u00centrunit privind situa\u021bia \u00een Zona de Securitate pentru perioada 6 \u2013 12 februarie 2019.<br \/>\nUrm\u0103toarea \u00eentrunire a Comisiei este preconizat\u0103 pentru 21 februarie curent, la Bender.<\/p>\n<p>Delega\u021bia Republicii Moldova \u00een Comisia Unificat\u0103 de Control<\/p>\n<p>&nbsp;<\/p>\n<p>Sursa:\u00a0<a href=\"https:\/\/gov.md\/ro\/content\/tiraspolul-refuza-sa-elimine-posturile-graniceresti-din-zona-de-securitate\">https:\/\/gov.md\/<\/a><\/p>\n","protected":false},"excerpt":{"rendered":"<p>La \u0219edin\u021ba Comisiei Unificate de Control (CUC) din 14 februarie Delega\u021bia Republicii Moldova \u0219i-a expus pozi\u021bia asupra unor aspecte legate de respectarea regimului Zonei de Securitate. \u00cen documentul adresat celorlalte componente ale Comisiei, delega\u021bia moldoveneasc\u0103 a f\u0103cut apel c\u0103tre reprezentan\u021bii Federa\u021biei Ruse, Ucrainei \u0219i Misiunii OSCE pentru a condamna ac\u021biunile ilegale ale Tiraspolului care pericliteaz\u0103&#8230;<\/p>\n","protected":false},"author":2,"featured_media":0,"comment_status":"closed","ping_status":"open","sticky":false,"template":"","format":"standard","meta":[],"categories":[1],"tags":[],"_links":{"self":[{"href":"https:\/\/centers.ulbsibiu.ro\/ccsprise\/lact\/wp-json\/wp\/v2\/posts\/5960"}],"collection":[{"href":"https:\/\/centers.ulbsibiu.ro\/ccsprise\/lact\/wp-json\/wp\/v2\/posts"}],"about":[{"href":"https:\/\/centers.ulbsibiu.ro\/ccsprise\/lact\/wp-json\/wp\/v2\/types\/post"}],"author":[{"embeddable":true,"href":"https:\/\/centers.ulbsibiu.ro\/ccsprise\/lact\/wp-json\/wp\/v2\/users\/2"}],"replies":[{"embeddable":true,"href":"https:\/\/centers.ulbsibiu.ro\/ccsprise\/lact\/wp-json\/wp\/v2\/comments?post=5960"}],"version-history":[{"count":1,"href":"https:\/\/centers.ulbsibiu.ro\/ccsprise\/lact\/wp-json\/wp\/v2\/posts\/5960\/revisions"}],"predecessor-version":[{"id":5961,"href":"https:\/\/centers.ulbsibiu.ro\/ccsprise\/lact\/wp-json\/wp\/v2\/posts\/5960\/revisions\/5961"}],"wp:attachment":[{"href":"https:\/\/centers.ulbsibiu.ro\/ccsprise\/lact\/wp-json\/wp\/v2\/media?parent=5960"}],"wp:term":[{"taxonomy":"category","embeddable":true,"href":"https:\/\/centers.ulbsibiu.ro\/ccsprise\/lact\/wp-json\/wp\/v2\/categories?post=5960"},{"taxonomy":"post_tag","embeddable":true,"href":"https:\/\/centers.ulbsibiu.ro\/ccsprise\/lact\/wp-json\/wp\/v2\/tags?post=5960"}],"curies":[{"name":"wp","href":"https:\/\/api.w.org\/{rel}","templated":true}]}}