{"id":5954,"date":"2019-02-15T09:27:45","date_gmt":"2019-02-15T07:27:45","guid":{"rendered":"https:\/\/centers.ulbsibiu.ro\/ccsprise\/lact\/?p=5954"},"modified":"2019-02-15T09:28:49","modified_gmt":"2019-02-15T07:28:49","slug":"ion-leascenco-presedintele-bun-diferendul-transnistrean-poate-fi-rezolvat-doar-prin-demilitarizarea-democratizarea-si-decriminalizarea-regiunii","status":"publish","type":"post","link":"https:\/\/centers.ulbsibiu.ro\/ccsprise\/lact\/ion-leascenco-presedintele-bun-diferendul-transnistrean-poate-fi-rezolvat-doar-prin-demilitarizarea-democratizarea-si-decriminalizarea-regiunii\/","title":{"rendered":"Ion Lea\u0219cenco, pre\u0219edintele BUN: \u201eDiferendul transnistrean poate fi rezolvat doar prin demilitarizarea, democratizarea \u0219i decriminalizarea regiunii\u201c"},"content":{"rendered":"<p><strong>Ion Lea\u0219cenco, pre\u0219edintele<\/strong> <strong>Blocului Unit\u0103\u0163ii Na\u0163ionale din Republica Moldova, a avut amabilitatea s\u0103 acorde un interviu Laboratorului pentru Analiza Conflictului Transnistrean, organiza\u021bie de cercetare al Universit\u0103\u021bii \u201eLucian Blaga\u201c de la Sibiu.\u00a0 <\/strong><\/p>\n<div id=\"attachment_5955\" style=\"width: 276px\" class=\"wp-caption aligncenter\"><img aria-describedby=\"caption-attachment-5955\" loading=\"lazy\" class=\"size-full wp-image-5955\" src=\"https:\/\/centers.ulbsibiu.ro\/ccsprise\/lact\/wp-content\/uploads\/2019\/02\/leascenco.jpg\" alt=\"\" width=\"266\" height=\"256\" \/><p id=\"caption-attachment-5955\" class=\"wp-caption-text\"><em><strong>Ion Lea\u0219cenco<\/strong><\/em><\/p><\/div>\n<p>&nbsp;<\/p>\n<p><em>St<\/em><em>imate domnule Ion Lea\u0219cenco, a\u021bi inten\u021bionat s\u0103 v\u0103 prezenta\u021bi \u00een fa\u021ba electoratului din circumscrip\u021bia C\u0103l\u0103ra\u0219i drept candidat unionist pentru func\u021bia de deputat \u00een Parlamentul Republicii Moldova. Care sunt punctele forte pe care a\u021bi conta\u021b s\u0103 dob\u00e2ndi\u021bi mandatul, sub aspectul bilan\u021bului Blocului Unit\u0103\u021bii Na\u021bionale (unde sunte\u021bi pre\u0219edinte) \u0219i sub aspectul bilan\u021bului personal?<\/em><\/p>\n<p>&nbsp;<\/p>\n<p><strong>Ion LEA\u0218CENCO:<\/strong> Din p\u0103cate, nu am fost l\u0103sat s\u0103 candidez pe Circumscrip\u021bia uninominal\u0103 Nr. 15 C\u0103l\u0103ra\u0219i, chiar dac\u0103 am prezentat un num\u0103r suficient de semn\u0103turi. Se pare c\u0103 apari\u021bia noastr\u0103 \u00een politica moldoveneasc\u0103\u00a0 nu convine nim\u0103nui. Cu siguran\u021b\u0103 avem \u0219anse bune s\u0103 c\u00e2\u0219tig Circumscrip\u021bia, de aceea, am \u0219i fost exclu\u0219i. Drept confirmare, nici candidaturile colegilor mei Anatol Ursu \u0219i Mihai Goian nu au fost acceptate. Le este fric\u0103 de unire \u0219i de oameni noi ca de t\u0103m\u00e2ie. Cu toate acestea, inclusiv pentru a repara aceast\u0103 nedreptate, \u00eendemn\u0103m oamenii s\u0103 ne sus\u021bin\u0103 pe lista na\u021bional\u0103 Unirea &#8211; Democra\u021bia Acas\u0103.<\/p>\n<p><em>\u00a0<\/em><\/p>\n<p><em>\u00cen preg\u0103tirea candidaturii, a\u021bi sesizat c\u0103 problema transnistrean\u0103 se afl\u0103 printre priorit\u0103\u021bile cet\u0103\u021benilor, sau sunt altele mai presante? Dac\u0103 ar fi s\u0103 propune\u021bi un top al agendei cet\u0103\u021beanului, unde situ\u0103m tema transnistrean\u0103?<\/em><\/p>\n<p>&nbsp;<\/p>\n<p><strong>Ion LEA\u0218CENCO:<\/strong> Rezolvarea problemei transnistrene este imperativ necesar\u0103. Totu\u0219i, nu cet\u0103\u021beanul o poate rezolva ci clasa politic\u0103 \u0219i, s\u0103 o zicem pe \u0219leau, Federa\u021bia Rus\u0103 &#8211; stat agresor care continu\u0103 s\u0103 men\u021bin\u0103 ilegal armata pe teritoriul Republicii Moldova.<\/p>\n<p>Diferendul transnistrean poate fi rezolvat dup\u0103 sistemul 3D: Demilitarizarea, Democratizarea \u0219i Decriminalizarea regiunii. Doar dup\u0103 ce \u00eentreprindem ace\u0219ti pa\u0219i esen\u021biali, putem porni o campanie de informare corect\u0103 a popula\u021biei \u0219i respectarea drepturilor cet\u0103\u021bene\u0219ti \u00een st\u00e2nga\u00a0 Nistrului \u0219i la Tighina.<\/p>\n<p><em>\u00a0<\/em><\/p>\n<p><em>Ave\u021bi repro\u0219uri de adresat institu\u021biilor oficiale care gestioneaz\u0103 \u00een prezent politica na\u021bional\u0103 de reintegrare (Guvern, Pre\u0219edin\u021bie, Parlament)?<\/em><\/p>\n<p><strong>\u00a0<\/strong><\/p>\n<p><strong>Ion LEA\u0218CENCO:<\/strong> Cu siguran\u021b\u0103. Guvernan\u021bii de la Chisinau dau dovad\u0103 de o ipocrizie cras\u0103. Pe deoparte exclam\u0103 sus \u0219i tare c\u0103 raioanele din st\u00e2nga Nistrului reprezint\u0103 o zon\u0103 de ocupa\u021bie, pe de alta, continu\u0103 s\u0103 fac\u0103 afaceri cu autorit\u0103\u021bile autoproclamate de la Tiraspol, in detrimentul intereselor cet\u0103\u021benilor Republicii Moldova. Cel mai elocvent \u00een acest sens este exemplul energiei electrice achizi\u021bionate de la central\u0103 Termoelectric\u0103 de la Cuciurgan.<\/p>\n<p>Pre\u0219edintele Dodon, la r\u00e2ndu-i, continu\u0103 s\u0103 scuipe \u00een durerea osta\u0219ilor c\u0103zu\u021bi la Nistru \u00een 1992 depun\u00e2nd flori la monumentul cazacilor care au omor\u00e2t voluntari \u0219i poli\u021bi\u0219ti moldoveni \u0219i cer\u00e2nd scuze, din partea Republicii Moldova, pentru r\u0103zboiul fratricid transnistrean.<\/p>\n<p>&nbsp;<\/p>\n<p><em>\u00cen caz c\u0103 a\u021bi fi dob\u00e2ndit mandatul de deputat, avea\u021bi \u00een vedere propuneri concrete la tribuna Parlamentului, pentru solu\u021bionarea acestui conflict?<\/em><\/p>\n<p><strong>\u00a0<\/strong><\/p>\n<p><strong>Ion LEA\u0218CENCO:<\/strong> A\u0219 fi propus declararea ca persoane indezirabile a tuturor frunta\u0219ilor administra\u021biei separatiste \u0219i interzicerea circula\u021biei ma\u0219inilor cu pl\u0103cute de \u00eenmatriculare nerecunoscute, cre\u00e2nd totodat\u0103 condi\u021bii de \u00eenregistrare simplificate pe teritoriul Republicii Moldova \u0219i\/sau crearea de unit\u0103\u021bii ale \u00ceS Registru \u00een teritoriile ocupate.<\/p>\n<p>A\u0219 fi sesizat procuratura privind abuzurile necontenite ale autorit\u0103\u021bilor separatiste de la Tiraspol, aduc\u00e2nd probe \u00een acest sens. Pretinz\u00e2nd transparen\u021b\u0103 maxim\u0103 \u0219i sper\u00e2nd c\u0103 organele competente s\u0103 \u00ee\u0219i fac\u0103 treaba. \u00a0Astfel \u00eenc\u00e2t, dup\u0103 analiza minu\u021bioas\u0103 a probelor s\u0103 trimit\u0103 aceste dosare \u00een instan\u021b\u0103. Aceast\u0103 b\u0103taie de joc nu poate continua la nesf\u00e2r\u0219it.<\/p>\n<p><em>\u00a0<\/em><\/p>\n<p><em>Vede\u021bi util\u0103 implicarea Rom\u00e2niei \u00een reglementarea transnistrean\u0103? Ce formule concrete a\u021bi propune?<\/em><\/p>\n<p><strong>\u00a0<\/strong><\/p>\n<p><strong>Ion LEA\u0218CENCO:<\/strong> Implicarea Rom\u00e2niei, de r\u00e2nd cu alte state din Uniunea European\u0103 \u0219i Statele Unite, este vital\u0103. Pentru c\u0103 Rom\u00e2nia este interesat\u0103 cu adev\u0103rat \u00een rezolvarea problemei \u0219i este bine inten\u021bionat\u0103. Ceea ce nu putem spune despre Federa\u021bia Rus\u0103, stat agresor.<\/p>\n<p>Efectivul de a\u0219a-zi\u0219i pacificatori ru\u0219i trebuie \u00eenlocuit cu o misiune interna\u021bional\u0103 de pacificare. Mai ales, \u00een condi\u021biile \u00een care, ONU a aprobat proiectul unei rezolu\u0163ii privind retragerea trupelor ruse din Transnistria.<\/p>\n<p><strong>\u00a0<\/strong><\/p>\n<p><strong>A consemnat Constantin Constantinescu<\/strong><\/p>\n","protected":false},"excerpt":{"rendered":"<p>Ion Lea\u0219cenco, pre\u0219edintele Blocului Unit\u0103\u0163ii Na\u0163ionale din Republica Moldova, a avut amabilitatea s\u0103 acorde un interviu Laboratorului pentru Analiza Conflictului Transnistrean, organiza\u021bie de cercetare al Universit\u0103\u021bii \u201eLucian Blaga\u201c de la Sibiu.\u00a0 &nbsp; Stimate domnule Ion Lea\u0219cenco, a\u021bi inten\u021bionat s\u0103 v\u0103 prezenta\u021bi \u00een fa\u021ba electoratului din circumscrip\u021bia C\u0103l\u0103ra\u0219i drept candidat unionist pentru func\u021bia de deputat \u00een&#8230;<\/p>\n","protected":false},"author":2,"featured_media":0,"comment_status":"closed","ping_status":"open","sticky":false,"template":"","format":"standard","meta":[],"categories":[24],"tags":[],"_links":{"self":[{"href":"https:\/\/centers.ulbsibiu.ro\/ccsprise\/lact\/wp-json\/wp\/v2\/posts\/5954"}],"collection":[{"href":"https:\/\/centers.ulbsibiu.ro\/ccsprise\/lact\/wp-json\/wp\/v2\/posts"}],"about":[{"href":"https:\/\/centers.ulbsibiu.ro\/ccsprise\/lact\/wp-json\/wp\/v2\/types\/post"}],"author":[{"embeddable":true,"href":"https:\/\/centers.ulbsibiu.ro\/ccsprise\/lact\/wp-json\/wp\/v2\/users\/2"}],"replies":[{"embeddable":true,"href":"https:\/\/centers.ulbsibiu.ro\/ccsprise\/lact\/wp-json\/wp\/v2\/comments?post=5954"}],"version-history":[{"count":2,"href":"https:\/\/centers.ulbsibiu.ro\/ccsprise\/lact\/wp-json\/wp\/v2\/posts\/5954\/revisions"}],"predecessor-version":[{"id":5957,"href":"https:\/\/centers.ulbsibiu.ro\/ccsprise\/lact\/wp-json\/wp\/v2\/posts\/5954\/revisions\/5957"}],"wp:attachment":[{"href":"https:\/\/centers.ulbsibiu.ro\/ccsprise\/lact\/wp-json\/wp\/v2\/media?parent=5954"}],"wp:term":[{"taxonomy":"category","embeddable":true,"href":"https:\/\/centers.ulbsibiu.ro\/ccsprise\/lact\/wp-json\/wp\/v2\/categories?post=5954"},{"taxonomy":"post_tag","embeddable":true,"href":"https:\/\/centers.ulbsibiu.ro\/ccsprise\/lact\/wp-json\/wp\/v2\/tags?post=5954"}],"curies":[{"name":"wp","href":"https:\/\/api.w.org\/{rel}","templated":true}]}}