{"id":5952,"date":"2019-02-14T20:05:55","date_gmt":"2019-02-14T18:05:55","guid":{"rendered":"https:\/\/centers.ulbsibiu.ro\/ccsprise\/lact\/?p=5952"},"modified":"2019-02-14T20:05:55","modified_gmt":"2019-02-14T18:05:55","slug":"infotag-md-liderul-transnistrean-saluta-intrarea-trupelor-sovietice-in-afganistan-si-prezenta-trupelor-ruse-in-siria","status":"publish","type":"post","link":"https:\/\/centers.ulbsibiu.ro\/ccsprise\/lact\/infotag-md-liderul-transnistrean-saluta-intrarea-trupelor-sovietice-in-afganistan-si-prezenta-trupelor-ruse-in-siria\/","title":{"rendered":"Infotag.md &#8211; LIDERUL TRANSNISTREAN SALUT\u0102 INTRAREA TRUPELOR SOVIETICE \u00ceN AFGANISTAN \u015eI PREZEN\u0162A TRUPELOR RUSE \u00ceN SIRIA"},"content":{"rendered":"<p>Solda\u0163ii interna\u021bionali\u0219ti sovietici \u201eau venit \u00een Afganistan nu cu r\u0103zboi, dar cu pace, anume oamenii sovietici au construit acolo infrastructura: \u0219coli, spitale, drumuri, au redus terorismul \u0219i traficul de droguri. O declara\u0163ie \u00een acest sena a f\u0103cut pre\u0219edintele autoproclamatei RMN, Vadim Krasnoselski, \u00een ajun, la Tiraspol, la reuniunea solemn\u0103 dedicat\u0103 anivers\u0103rii a 30-a de la retragerea trupelor sovietice din Afganistan.<\/p>\n<p>Potrivit agen\u0163iei INFOTAG cu referire la site-ul s\u0103u, liderul transnistrean a spus c\u0103, dac\u0103 nu ar fi fost soldatul sovietic, \u00een Afganistan ar fi venit mai devreme solda\u0163ii NATO sau ISIS\u201d.<\/p>\n<p>\u201eR\u0103zboiul afgan a \u00eemp\u0103r\u021bit timpul \u00een \u201e\u00eenainte\u201d \u0219i \u201edup\u0103\u201d. A \u00eemp\u0103r\u021bit oamenii \u00een cei care au venit \u0219i cei care au r\u0103mas. Iar ast\u0103zi, Rusia, con\u015ftientiz\u00e2nd din nou rolul s\u0103u de putere geopolitic\u0103, \u00ee\u0219i \u00eendepline\u0219te datoria interna\u021bional\u0103 \u00een Siria, ap\u0103r\u00e2nd interesele Federa\u021biei Ruse\u201d, a spus el, subliniind c\u0103 interna\u021bionali\u0219tii r\u0103zboiului afgan \u201eau \u00eenceput ceea ce Rusia continu\u0103 ast\u0103zi\u201d.<\/p>\n<p>Pre\u0219edintele Asocia\u021biei locale a veteranilor r\u0103zboiului din Afganistan, Igor Buga, a men\u0163ionat c\u0103 \u201eevenimentele din Afganistan fac parte din r\u0103zboaiele inevitabile, deoarece la acel moment era imposibil s\u0103 ac\u021bionezi altfel\u201d.<\/p>\n<p>\u201eAnii au ar\u0103tat c\u0103 nu am fost acolo \u00een zadar. Timp de zece ani am \u0163inut \u00eentre grani\u0163ele Afganistanului noul terorism interna\u021bional ce se n\u0103\u015ftea, circula\u0163ia masiv\u0103 a drogurilor pe teritoriul URSS. Speciali\u0219tii no\u0219tri sovietici au construit drumuri, fabrici \u0219i uzine. Doctorii no\u0219tri au relansat domeniul s\u0103n\u0103t\u0103\u021bii \u00een Republica Democratic\u0103 Afganistan, iar munca noastr\u0103 pe acest meleag nu este uitat\u0103\u201d, sus\u0163ine el.<\/p>\n<p>Sursa:\u00a0<a href=\"http:\/\/www.infotag.md\/rebelion-ro\/272451\/\">http:\/\/www.infotag.md<\/a><\/p>\n","protected":false},"excerpt":{"rendered":"<p>Solda\u0163ii interna\u021bionali\u0219ti sovietici \u201eau venit \u00een Afganistan nu cu r\u0103zboi, dar cu pace, anume oamenii sovietici au construit acolo infrastructura: \u0219coli, spitale, drumuri, au redus terorismul \u0219i traficul de droguri. O declara\u0163ie \u00een acest sena a f\u0103cut pre\u0219edintele autoproclamatei RMN, Vadim Krasnoselski, \u00een ajun, la Tiraspol, la reuniunea solemn\u0103 dedicat\u0103 anivers\u0103rii a 30-a de la&#8230;<\/p>\n","protected":false},"author":2,"featured_media":0,"comment_status":"closed","ping_status":"open","sticky":false,"template":"","format":"standard","meta":[],"categories":[1],"tags":[],"_links":{"self":[{"href":"https:\/\/centers.ulbsibiu.ro\/ccsprise\/lact\/wp-json\/wp\/v2\/posts\/5952"}],"collection":[{"href":"https:\/\/centers.ulbsibiu.ro\/ccsprise\/lact\/wp-json\/wp\/v2\/posts"}],"about":[{"href":"https:\/\/centers.ulbsibiu.ro\/ccsprise\/lact\/wp-json\/wp\/v2\/types\/post"}],"author":[{"embeddable":true,"href":"https:\/\/centers.ulbsibiu.ro\/ccsprise\/lact\/wp-json\/wp\/v2\/users\/2"}],"replies":[{"embeddable":true,"href":"https:\/\/centers.ulbsibiu.ro\/ccsprise\/lact\/wp-json\/wp\/v2\/comments?post=5952"}],"version-history":[{"count":1,"href":"https:\/\/centers.ulbsibiu.ro\/ccsprise\/lact\/wp-json\/wp\/v2\/posts\/5952\/revisions"}],"predecessor-version":[{"id":5953,"href":"https:\/\/centers.ulbsibiu.ro\/ccsprise\/lact\/wp-json\/wp\/v2\/posts\/5952\/revisions\/5953"}],"wp:attachment":[{"href":"https:\/\/centers.ulbsibiu.ro\/ccsprise\/lact\/wp-json\/wp\/v2\/media?parent=5952"}],"wp:term":[{"taxonomy":"category","embeddable":true,"href":"https:\/\/centers.ulbsibiu.ro\/ccsprise\/lact\/wp-json\/wp\/v2\/categories?post=5952"},{"taxonomy":"post_tag","embeddable":true,"href":"https:\/\/centers.ulbsibiu.ro\/ccsprise\/lact\/wp-json\/wp\/v2\/tags?post=5952"}],"curies":[{"name":"wp","href":"https:\/\/api.w.org\/{rel}","templated":true}]}}