{"id":5950,"date":"2019-02-14T20:04:19","date_gmt":"2019-02-14T18:04:19","guid":{"rendered":"https:\/\/centers.ulbsibiu.ro\/ccsprise\/lact\/?p=5950"},"modified":"2019-02-14T20:04:19","modified_gmt":"2019-02-14T18:04:19","slug":"infoprut-ro-ministerul-ucrainean-de-externe-nu-va-permite-separatistilor-de-la-tiraspol-sa-deschida-o-misiune-diplomatica-la-kiev","status":"publish","type":"post","link":"https:\/\/centers.ulbsibiu.ro\/ccsprise\/lact\/infoprut-ro-ministerul-ucrainean-de-externe-nu-va-permite-separatistilor-de-la-tiraspol-sa-deschida-o-misiune-diplomatica-la-kiev\/","title":{"rendered":"Infoprut.ro &#8211; Ministerul ucrainean de Externe nu va permite separati\u015ftilor de la Tiraspol s\u0103 deschid\u0103 o misiune diplomatic\u0103 la Kiev"},"content":{"rendered":"<p>Liviu G. Stan<\/p>\n<p>Regiunea transnistrean\u0103 este parte integrant\u0103 a Republicii Moldova. Prin urmare,\u00a0este imposibil\u0103 deschiderea unei misiuni diplomatice a acestui teritoriu separatist \u00een capitala Ucrainei, a anun\u0163at Ministerul Afacerilor Externe de la Kiev.<\/p>\n<p>R\u0103spunsul diploma\u0163iei ucrainene a venit dup\u0103 ce\u00a0un oficial de la Tiraspol a afirmat c\u0103 administra\u0163ia din st\u00e2nga Nistrului vrea s\u0103 deschis\u0103 misiuni diplomatice la Kiev \u015fi <a href=\"http:\/\/infoprut.ro\/51864-ce-nastrusnicii-mai-plan-tiraspolul-deschiderea-unei-reprezentante-transnistriei-la-bruxelles.html?fbclid=IwAR1fVZQixWkADNJ08v-gNGkcVfIUPNpl6HrSekOvNLJA-cpKk5DVYxziQ9k\">Bruxelles<\/a>.<\/p>\n<p>\u201eUcraina are deja o misiune diplomatic\u0103 \u2013 Ambasada Republicii Moldova. Transnistria face parte din Moldova, iar Ucraina, ca \u0163ar\u0103 garant, va continua s\u0103 depun\u0103 eforturi pentru a ajuta la solu\u0163ionarea problemei transnistrene\u201d, a declarat purt\u0103torul de cuv\u00e2nt al Ministerului de Externe de la Kiev, Katerina Zelenko, citat de agen\u0163ia de \u015ftiri <a href=\"https:\/\/www.ukrinform.net\/rubric-polytics\/2639818-ukraine-wont-open-embassy-of-transnistria.html\">Ukrinform<\/a>.<\/p>\n<p>Regiunea transnistrean\u0103 \u0219i-a deschis pe 22 ianuarie o\u00a0reprezentan\u0163\u0103 la Moscova. Institu\u0163ia este \u00eenregistrat\u0103 cu statut de organiza\u0163ie nonguvernamental\u0103.<\/p>\n<p>Sursa:\u00a0<a href=\"http:\/\/infoprut.ro\/51891-ministerul-ucrainean-de-externe-nu-va-permite-separatistilor-de-la-tiraspol-sa-deschida-o-misiune-diplomatica-la-kiev.html\">http:\/\/infoprut.ro\/<\/a><\/p>\n","protected":false},"excerpt":{"rendered":"<p>Liviu G. Stan Regiunea transnistrean\u0103 este parte integrant\u0103 a Republicii Moldova. Prin urmare,\u00a0este imposibil\u0103 deschiderea unei misiuni diplomatice a acestui teritoriu separatist \u00een capitala Ucrainei, a anun\u0163at Ministerul Afacerilor Externe de la Kiev. R\u0103spunsul diploma\u0163iei ucrainene a venit dup\u0103 ce\u00a0un oficial de la Tiraspol a afirmat c\u0103 administra\u0163ia din st\u00e2nga Nistrului vrea s\u0103 deschis\u0103 misiuni&#8230;<\/p>\n","protected":false},"author":2,"featured_media":0,"comment_status":"closed","ping_status":"open","sticky":false,"template":"","format":"standard","meta":[],"categories":[1],"tags":[],"_links":{"self":[{"href":"https:\/\/centers.ulbsibiu.ro\/ccsprise\/lact\/wp-json\/wp\/v2\/posts\/5950"}],"collection":[{"href":"https:\/\/centers.ulbsibiu.ro\/ccsprise\/lact\/wp-json\/wp\/v2\/posts"}],"about":[{"href":"https:\/\/centers.ulbsibiu.ro\/ccsprise\/lact\/wp-json\/wp\/v2\/types\/post"}],"author":[{"embeddable":true,"href":"https:\/\/centers.ulbsibiu.ro\/ccsprise\/lact\/wp-json\/wp\/v2\/users\/2"}],"replies":[{"embeddable":true,"href":"https:\/\/centers.ulbsibiu.ro\/ccsprise\/lact\/wp-json\/wp\/v2\/comments?post=5950"}],"version-history":[{"count":1,"href":"https:\/\/centers.ulbsibiu.ro\/ccsprise\/lact\/wp-json\/wp\/v2\/posts\/5950\/revisions"}],"predecessor-version":[{"id":5951,"href":"https:\/\/centers.ulbsibiu.ro\/ccsprise\/lact\/wp-json\/wp\/v2\/posts\/5950\/revisions\/5951"}],"wp:attachment":[{"href":"https:\/\/centers.ulbsibiu.ro\/ccsprise\/lact\/wp-json\/wp\/v2\/media?parent=5950"}],"wp:term":[{"taxonomy":"category","embeddable":true,"href":"https:\/\/centers.ulbsibiu.ro\/ccsprise\/lact\/wp-json\/wp\/v2\/categories?post=5950"},{"taxonomy":"post_tag","embeddable":true,"href":"https:\/\/centers.ulbsibiu.ro\/ccsprise\/lact\/wp-json\/wp\/v2\/tags?post=5950"}],"curies":[{"name":"wp","href":"https:\/\/api.w.org\/{rel}","templated":true}]}}