{"id":5948,"date":"2019-02-14T20:01:48","date_gmt":"2019-02-14T18:01:48","guid":{"rendered":"https:\/\/centers.ulbsibiu.ro\/ccsprise\/lact\/?p=5948"},"modified":"2019-02-14T20:01:48","modified_gmt":"2019-02-14T18:01:48","slug":"deschide-md-separatistul-krasnoselski-sustine-proiectul-lui-dodon-moldova-mare-dar-fara-transnistria","status":"publish","type":"post","link":"https:\/\/centers.ulbsibiu.ro\/ccsprise\/lact\/deschide-md-separatistul-krasnoselski-sustine-proiectul-lui-dodon-moldova-mare-dar-fara-transnistria\/","title":{"rendered":"Deschide.md &#8211; Separatistul Krasnoselski sus\u021bine proiectul lui Dodon \u201eMoldova Mare\u201d, dar f\u0103r\u0103 Transnistria"},"content":{"rendered":"<p>Author: Vadim Vasiliu<\/p>\n<p>\u0218eful separati\u0219tilor de la Tiraspol, Vadim Krasnoselski, pledeaz\u0103 pentru o Moldov\u0103 unit\u0103, dar f\u0103r\u0103 Transnistria. Acesta a f\u0103cut referire la harta Moldovei Mari d\u0103ruit\u0103 de Vladimir Putin lui Igor Dodon \u0219i unde lipse\u0219te Transnistria.<\/p>\n<p>Krasnoselski a mai declarat c\u0103 soarta Transnistriei trebuie decis\u0103 de c\u0103tre poporul acestei regiuni. Pozi\u021bia privind viitorul raioanelor de est ale Republicii Moldova ar fi fost exprimat\u0103 \u00een cadrul referendumului ilegal din 2006, c\u00e2nd majoritatea locuitorilor din regiune ar fi optat pentru independen\u021b\u0103.<\/p>\n<p>Krasnoselski a spus c\u0103 este solidar cu inten\u021bia lui Dodon de a crea Moldova Mare, \u00eens\u0103 Transnistria nu se va afla pe acea hart\u0103. \u201eEu sunt pentru o Moldov\u0103 unit\u0103, dar f\u0103r\u0103 Transnistria. Aceasta este diferen\u021ba fundamental\u0103. V\u0103 amintesc c\u0103 atunci c\u00e2nd Vladimir Vladimirovici Putin i-a d\u0103ruit lui Igor Nikolaevici Dodon harta istoric\u0103 a Republicii Moldova, acolo era Moldova istoric\u0103, \u00eens\u0103 f\u0103r\u0103 Transnistria. De aceea eu sunt de acord cu aceast\u0103 pozi\u021bie \u0219i consider, c\u0103 dac\u0103 Moldova \u00ee\u0219i va reface grani\u021bele istorice, \u021bine de chestiunile lor interne, \u00eens\u0103 f\u0103r\u0103 Transnistria\u201d, a declarat Vadim Krasnoselski.<\/p>\n<p>Textul complet:\u00a0<a href=\"https:\/\/deschide.md\/ro\/stiri\/23\/44188\/Separatistul-Krasnoselski-sus\u021bine-proiectul-lui-Dodon-\u201eMoldova-Mare\u201d-dar-f\u0103r\u0103-Transnistria.htm\">https:\/\/deschide.md<\/a><\/p>\n<p dir=\"ltr\">\n","protected":false},"excerpt":{"rendered":"<p>Author: Vadim Vasiliu \u0218eful separati\u0219tilor de la Tiraspol, Vadim Krasnoselski, pledeaz\u0103 pentru o Moldov\u0103 unit\u0103, dar f\u0103r\u0103 Transnistria. Acesta a f\u0103cut referire la harta Moldovei Mari d\u0103ruit\u0103 de Vladimir Putin lui Igor Dodon \u0219i unde lipse\u0219te Transnistria. Krasnoselski a mai declarat c\u0103 soarta Transnistriei trebuie decis\u0103 de c\u0103tre poporul acestei regiuni. Pozi\u021bia privind viitorul raioanelor&#8230;<\/p>\n","protected":false},"author":2,"featured_media":0,"comment_status":"closed","ping_status":"open","sticky":false,"template":"","format":"standard","meta":[],"categories":[1],"tags":[],"_links":{"self":[{"href":"https:\/\/centers.ulbsibiu.ro\/ccsprise\/lact\/wp-json\/wp\/v2\/posts\/5948"}],"collection":[{"href":"https:\/\/centers.ulbsibiu.ro\/ccsprise\/lact\/wp-json\/wp\/v2\/posts"}],"about":[{"href":"https:\/\/centers.ulbsibiu.ro\/ccsprise\/lact\/wp-json\/wp\/v2\/types\/post"}],"author":[{"embeddable":true,"href":"https:\/\/centers.ulbsibiu.ro\/ccsprise\/lact\/wp-json\/wp\/v2\/users\/2"}],"replies":[{"embeddable":true,"href":"https:\/\/centers.ulbsibiu.ro\/ccsprise\/lact\/wp-json\/wp\/v2\/comments?post=5948"}],"version-history":[{"count":1,"href":"https:\/\/centers.ulbsibiu.ro\/ccsprise\/lact\/wp-json\/wp\/v2\/posts\/5948\/revisions"}],"predecessor-version":[{"id":5949,"href":"https:\/\/centers.ulbsibiu.ro\/ccsprise\/lact\/wp-json\/wp\/v2\/posts\/5948\/revisions\/5949"}],"wp:attachment":[{"href":"https:\/\/centers.ulbsibiu.ro\/ccsprise\/lact\/wp-json\/wp\/v2\/media?parent=5948"}],"wp:term":[{"taxonomy":"category","embeddable":true,"href":"https:\/\/centers.ulbsibiu.ro\/ccsprise\/lact\/wp-json\/wp\/v2\/categories?post=5948"},{"taxonomy":"post_tag","embeddable":true,"href":"https:\/\/centers.ulbsibiu.ro\/ccsprise\/lact\/wp-json\/wp\/v2\/tags?post=5948"}],"curies":[{"name":"wp","href":"https:\/\/api.w.org\/{rel}","templated":true}]}}