{"id":5946,"date":"2019-02-14T19:57:31","date_gmt":"2019-02-14T17:57:31","guid":{"rendered":"https:\/\/centers.ulbsibiu.ro\/ccsprise\/lact\/?p=5946"},"modified":"2019-02-14T19:57:31","modified_gmt":"2019-02-14T17:57:31","slug":"infotag-md-expertii-berlin-economics-au-apreciat-actiunile-autoritatilor-transnistrene-de-imbunatatire-a-climatului-investitional","status":"publish","type":"post","link":"https:\/\/centers.ulbsibiu.ro\/ccsprise\/lact\/infotag-md-expertii-berlin-economics-au-apreciat-actiunile-autoritatilor-transnistrene-de-imbunatatire-a-climatului-investitional\/","title":{"rendered":"Infotag.md &#8211; EXPER\u0162II \u201eBERLIN ECONOMICS\u201d AU APRECIAT AC\u0162IUNILE AUTORIT\u0102\u0162ILOR TRANSNISTRENE DE \u00ceMBUN\u0102T\u0102\u0162IRE A CLIMATULUI INVESTI\u0162IONAL"},"content":{"rendered":"<p>Exper\u021bii companiei germane de consultan\u021b\u0103 \u201eBerlin Economics\u201d apreciaz\u0103 pozitiv ac\u021biunile guvernului autoproclamatei RMN \u201ede \u00eembun\u0103t\u0103\u021bire a climatului investi\u021bional al Transnistriei\u201d.<\/p>\n<p>Potrivit agen\u0163iei INFOTAG cu referire la site-ul guvernului transnistrean, la \u00eent\u00e2lnirea cu premierul Alexandr Mart\u00eenov ei au prezentat \u201eun sumar al climatului investi\u021bional, care include opiniile investitorilor locali \u0219i str\u0103ini\u201d exprimate \u00een cadrul forumului economic investi\u021bional, desf\u0103\u015furat anul trecut la Tiraspol.<\/p>\n<p>Speciali\u0219tii germani \u201eau apreciat foile de parcurs, aprobate pentru simplificarea gestion\u0103rii afacerilor\u201d, men\u0163ion\u00e2nd \u00een acela\u0219i timp c\u0103 \u201eaccesul la resursele financiare ieftine este unul dintre punctele problematice\u201d.<\/p>\n<p>\u201eRezultatele cercet\u0103rii noastre ne permit s\u0103 concluzion\u0103m c\u0103 exist\u0103 oportunit\u0103\u021bi de atragere a unor investi\u021bii suplimentare \u00een Transnistria, dar pentru a utiliza acest poten\u021bial, trebuie aplicat\u0103 o abordare \u0163int\u0103, care s\u0103 vizeze continuarea reformelor \u00een domeniul climatului investi\u021bional\u201d, a declarat reprezentantul companiei, Bjorn Vogler.<\/p>\n<p>Potrivit \u201eBerlin Economics\u201d, guvernul regiunii ar trebui s\u0103 atrag\u0103 investitori \u00een sectoare precum prelucrarea metalelor, prelucrarea produc\u0163iei agricole, industria alimentar\u0103, \u00eembr\u0103c\u0103minte \u0219i \u00eenc\u0103l\u021b\u0103minte, componente \u0219i echipamente electrice.<\/p>\n<p>Mai mult dec\u00e2t at\u00e2t, \u201eautorit\u0103\u0163ile regiunii trebuie s\u0103 se concentreze asupra companiilor care deja desf\u0103\u0219oar\u0103 opera\u021biuni \u00een str\u0103in\u0103tate \u0219i se pot baza pe propria experien\u021b\u0103 investi\u021bional\u0103 \u00een economiile \u00een tranzi\u021bie\u201d.<\/p>\n<p>Sursa:\u00a0<a href=\"http:\/\/www.infotag.md\/rebelion-ro\/272484\/\">http:\/\/www.infotag.md\/<\/a><\/p>\n","protected":false},"excerpt":{"rendered":"<p>Exper\u021bii companiei germane de consultan\u021b\u0103 \u201eBerlin Economics\u201d apreciaz\u0103 pozitiv ac\u021biunile guvernului autoproclamatei RMN \u201ede \u00eembun\u0103t\u0103\u021bire a climatului investi\u021bional al Transnistriei\u201d. Potrivit agen\u0163iei INFOTAG cu referire la site-ul guvernului transnistrean, la \u00eent\u00e2lnirea cu premierul Alexandr Mart\u00eenov ei au prezentat \u201eun sumar al climatului investi\u021bional, care include opiniile investitorilor locali \u0219i str\u0103ini\u201d exprimate \u00een cadrul forumului economic&#8230;<\/p>\n","protected":false},"author":2,"featured_media":0,"comment_status":"closed","ping_status":"open","sticky":false,"template":"","format":"standard","meta":[],"categories":[1],"tags":[],"_links":{"self":[{"href":"https:\/\/centers.ulbsibiu.ro\/ccsprise\/lact\/wp-json\/wp\/v2\/posts\/5946"}],"collection":[{"href":"https:\/\/centers.ulbsibiu.ro\/ccsprise\/lact\/wp-json\/wp\/v2\/posts"}],"about":[{"href":"https:\/\/centers.ulbsibiu.ro\/ccsprise\/lact\/wp-json\/wp\/v2\/types\/post"}],"author":[{"embeddable":true,"href":"https:\/\/centers.ulbsibiu.ro\/ccsprise\/lact\/wp-json\/wp\/v2\/users\/2"}],"replies":[{"embeddable":true,"href":"https:\/\/centers.ulbsibiu.ro\/ccsprise\/lact\/wp-json\/wp\/v2\/comments?post=5946"}],"version-history":[{"count":1,"href":"https:\/\/centers.ulbsibiu.ro\/ccsprise\/lact\/wp-json\/wp\/v2\/posts\/5946\/revisions"}],"predecessor-version":[{"id":5947,"href":"https:\/\/centers.ulbsibiu.ro\/ccsprise\/lact\/wp-json\/wp\/v2\/posts\/5946\/revisions\/5947"}],"wp:attachment":[{"href":"https:\/\/centers.ulbsibiu.ro\/ccsprise\/lact\/wp-json\/wp\/v2\/media?parent=5946"}],"wp:term":[{"taxonomy":"category","embeddable":true,"href":"https:\/\/centers.ulbsibiu.ro\/ccsprise\/lact\/wp-json\/wp\/v2\/categories?post=5946"},{"taxonomy":"post_tag","embeddable":true,"href":"https:\/\/centers.ulbsibiu.ro\/ccsprise\/lact\/wp-json\/wp\/v2\/tags?post=5946"}],"curies":[{"name":"wp","href":"https:\/\/api.w.org\/{rel}","templated":true}]}}