{"id":5944,"date":"2019-02-13T19:14:35","date_gmt":"2019-02-13T17:14:35","guid":{"rendered":"https:\/\/centers.ulbsibiu.ro\/ccsprise\/lact\/?p=5944"},"modified":"2019-02-13T19:14:35","modified_gmt":"2019-02-13T17:14:35","slug":"noi-md-aeronavele-de-recunoastere-americana-continua-sa-survoleze-transnistria","status":"publish","type":"post","link":"https:\/\/centers.ulbsibiu.ro\/ccsprise\/lact\/noi-md-aeronavele-de-recunoastere-americana-continua-sa-survoleze-transnistria\/","title":{"rendered":"Noi.md &#8211; Aeronavele de recunoa\u0219tere american\u0103 continu\u0103 s\u0103 survoleze Transnistria"},"content":{"rendered":"<p>Aeronava american\u0103 de recunoa\u0219tere a zburat din nou de-a lungul frontierei dintre Ucraina \u0219i regiunea transnistrean\u0103.Potrivit datelor preliminare, el a decolat de la baza aerian\u0103 american\u0103 \u201eMikhail Kog\u00eelniceanu&#8221;, aflat\u0103 \u00een Constan\u021ba, Rom\u00e2nia.<\/p>\n<p>O aeronav\u0103 de recunoa\u0219tere american\u0103 a fost observat\u0103 pentru prima dat\u0103 \u00een apropierea grani\u021bei Moldovei pe 14 ianuarie. Atunci, aceasta a intrat \u00een spa\u021biul aerian al Ucrainei din direc\u0163ia M\u0103rii Negre \u0219i a zburat de-a lungul grani\u021bei de est a Moldovei, la o distan\u0163\u0103 de 15 km de Tiraspol.Cel mai probabil obiectiv de interes pentru aeronav\u0103 l-ar reprezenta depozitele militare din apropierea satului Colbasna.<\/p>\n<p>Cite\u0219te mai mult: <a href=\"https:\/\/noi.md\/md\/in-lume\/aeronavele-de-recunoastere-americana-continua-sa-survoleze-transnistria\">https:\/\/noi.md\/md\/in-lume\/aeronavele-de-recunoastere-americana-continua-sa-survoleze-transnistria<\/a><br \/>\nFacebook: <a href=\"https:\/\/www.facebook.com\/NOI.md\/\">NOI.md<\/a> | Odnoklassniki: <a href=\"https:\/\/www.ok.ru\/noi.moldova\">Noi.Moldova<\/a><\/p>\n","protected":false},"excerpt":{"rendered":"<p>Aeronava american\u0103 de recunoa\u0219tere a zburat din nou de-a lungul frontierei dintre Ucraina \u0219i regiunea transnistrean\u0103.Potrivit datelor preliminare, el a decolat de la baza aerian\u0103 american\u0103 \u201eMikhail Kog\u00eelniceanu&#8221;, aflat\u0103 \u00een Constan\u021ba, Rom\u00e2nia. O aeronav\u0103 de recunoa\u0219tere american\u0103 a fost observat\u0103 pentru prima dat\u0103 \u00een apropierea grani\u021bei Moldovei pe 14 ianuarie. Atunci, aceasta a intrat \u00een&#8230;<\/p>\n","protected":false},"author":2,"featured_media":0,"comment_status":"closed","ping_status":"open","sticky":false,"template":"","format":"standard","meta":[],"categories":[1],"tags":[],"_links":{"self":[{"href":"https:\/\/centers.ulbsibiu.ro\/ccsprise\/lact\/wp-json\/wp\/v2\/posts\/5944"}],"collection":[{"href":"https:\/\/centers.ulbsibiu.ro\/ccsprise\/lact\/wp-json\/wp\/v2\/posts"}],"about":[{"href":"https:\/\/centers.ulbsibiu.ro\/ccsprise\/lact\/wp-json\/wp\/v2\/types\/post"}],"author":[{"embeddable":true,"href":"https:\/\/centers.ulbsibiu.ro\/ccsprise\/lact\/wp-json\/wp\/v2\/users\/2"}],"replies":[{"embeddable":true,"href":"https:\/\/centers.ulbsibiu.ro\/ccsprise\/lact\/wp-json\/wp\/v2\/comments?post=5944"}],"version-history":[{"count":1,"href":"https:\/\/centers.ulbsibiu.ro\/ccsprise\/lact\/wp-json\/wp\/v2\/posts\/5944\/revisions"}],"predecessor-version":[{"id":5945,"href":"https:\/\/centers.ulbsibiu.ro\/ccsprise\/lact\/wp-json\/wp\/v2\/posts\/5944\/revisions\/5945"}],"wp:attachment":[{"href":"https:\/\/centers.ulbsibiu.ro\/ccsprise\/lact\/wp-json\/wp\/v2\/media?parent=5944"}],"wp:term":[{"taxonomy":"category","embeddable":true,"href":"https:\/\/centers.ulbsibiu.ro\/ccsprise\/lact\/wp-json\/wp\/v2\/categories?post=5944"},{"taxonomy":"post_tag","embeddable":true,"href":"https:\/\/centers.ulbsibiu.ro\/ccsprise\/lact\/wp-json\/wp\/v2\/tags?post=5944"}],"curies":[{"name":"wp","href":"https:\/\/api.w.org\/{rel}","templated":true}]}}