{"id":5936,"date":"2019-02-12T18:16:30","date_gmt":"2019-02-12T16:16:30","guid":{"rendered":"https:\/\/centers.ulbsibiu.ro\/ccsprise\/lact\/?p=5936"},"modified":"2019-02-12T18:16:30","modified_gmt":"2019-02-12T16:16:30","slug":"deschide-md-dodon-invitat-la-munchen-sa-prezinte-planul-pe-transnistria-guvernul-refuza-sa-participe","status":"publish","type":"post","link":"https:\/\/centers.ulbsibiu.ro\/ccsprise\/lact\/deschide-md-dodon-invitat-la-munchen-sa-prezinte-planul-pe-transnistria-guvernul-refuza-sa-participe\/","title":{"rendered":"Deschide.md &#8211; Dodon, invitat la Munchen s\u0103 prezinte planul pe Transnistria. Guvernul refuz\u0103 s\u0103 participe"},"content":{"rendered":"<p>Author: Vadim Vasiliu<\/p>\n<p>Pre\u0219edintele Igor Dodon va participa la Conferin\u021ba de Securitate de la Munchen, de\u0219i, tradi\u021bional, la acest forum mondial particip\u0103 prim-ministrul \u0219i ministrul de Externe ai Republicii Moldova. Igor Dodon a fost invitat de c\u0103tre organizatorii conferin\u021bei direct, cu evitarea canalelor diplomatice. Guvernul a decis c\u0103 nu va merge la Munchen pentru a nu certifica \u00een nici un fel prin participare viziunea de politic\u0103 extern\u0103 a Pre\u0219edintelui Igor Dodon \u0219i abordarea sa \u00een ceea ce prive\u0219te solu\u021bionarea conflictului transnistrean.<\/p>\n<p>Pre\u0219edintele Igor Dodon a anun\u021bat \u00een cadrul unei emisiuni televizate c\u0103 va participa la Conferin\u021ba de Securitate de la Munchen \u00een perioada 15-17 februarie. Invita\u021bia adresat\u0103 lui Igor Dodon vine pe fondul a doi ani de izolare a acestuia \u00een plan interna\u021bional. Tradi\u021bional, la aceast\u0103 conferin\u021b\u0103, din partea Republicii Moldova particip\u0103 prim-ministrul asistat de ministrul de Externe. Solicitat de site-ul Deschide.MD, MAEIE a anun\u021bat c\u0103 Guvernul Republicii Moldova nu va participa \u00een acest an la Conferin\u021ba de la Munchen.<\/p>\n<p>\u201eConform unor informa\u021bii neoficiale, o invita\u021bie de participare la eveniment a fost expediat\u0103 direct, evit\u00e2nd canalele diplomatice, Pre\u0219edintelui Igor Dodon. \u00cen aceste condi\u021bii, av\u00e2nd \u00een vedere viziunile diferite privind transpunerea \u00een practic\u0103 a obiectivelor politicii externe a Guvernului Republicii Moldova, inclusiv \u00een ceea ce prive\u0219te dosarul transnistrean, pe de o parte, \u0219i a Pre\u0219edin\u021biei, pe de alt\u0103 parte, \u0219i pentru a evita extrapolarea acestora pe unele platforme interna\u021bionale, Cabinetul de mini\u0219tri a decis c\u0103 nu va participa \u00een acest an\u00a0 la Conferin\u0163a de Securitate de la Munchen\u201d, se men\u021bioneaz\u0103 \u00een r\u0103spunsul remis Deschide.MD.<\/p>\n<p>Totodat\u0103, MAEIE aminte\u0219te, \u00een acest context, c\u0103 forma de guvern\u0103m\u00e2nt a Republicii Moldova este republic\u0103 parlamentar\u0103. Astfel, potrivit Constitu\u021biei\u00a0 acest fapt presupune c\u0103 deciziile cardinale ale statului, \u00een particular, viz\u00e2nd politica extern\u0103 \u0219i reglementarea conflictului transnistrean, \u021bin de competen\u021ba Guvernului \u0219i a Parlamentului. \u201e\u00cen consecin\u021b\u0103, pre\u0219edintelui \u021b\u0103rii \u00eei revin sarcini preponderent simbolice pe aceste segmente\u201d, se men\u021bioneaz\u0103 \u00een textul remis.<\/p>\n<p>MAEIE a transmis, \u00een aceste condi\u021bii, \u00een numele Guvernului, o scrisoare organizatorilor conferin\u021bei de la Munchen, \u00een care a prezentat motivele pentru care reprezentan\u021bii executivului nu pot s\u0103 fie prezen\u021bi la eveniment. \u201eNu dorim s\u0103 certific\u0103m \u00een nici un fel, prin participarea noastr\u0103, viziunea de politic\u0103 extern\u0103 a Pre\u0219edintelui Igor Dodon \u0219i abordarea sa \u00een ceea ce prive\u0219te solu\u021bionarea conflictului transnistrean\u201d.<\/p>\n<p>Conferin\u0163a interna\u0163ional\u0103 de la M\u00fcnchen reprezint\u0103 unul dintre cele mai prestigioase forumuri de securitate, care reune\u015fte lideri \u015fi factori de decizie importan\u0163i \u00een materie de securitate \u015fi ap\u0103rare. De la prima sa edi\u0163ie &#8211; \u00een 1963,\u00a0 ca \u201cInternationale Wehrkunde\u2013Begegnung\u201d \u2013 reuniunea s-a constituit ca un reper important al dezbaterilor din domeniul securit\u0103\u0163ii la nivel european \u015fi euro-atlantic. Evenimentul se remarc\u0103 \u015fi prin faptul c\u0103 permite dezbateri \u015fi schimburi de idei informale pe teme ce \u0163in at\u00e2t de actualitate, c\u00e2t \u015fi de perspectiv\u0103. Organiza\u021bia \u00ee\u0219i stabile\u0219te independent at\u00e2t subiectele discutate \u00een cadrul reuniunilor, c\u00e2t \u0219i lista nominal\u0103 a participan\u021bilor invita\u021bi la eveniment.<\/p>\n<p>\u00cen raportul conferin\u021bei de anul trecut s-a men\u021bionat c\u0103 lumea se afl\u0103 mai aproape de \u201eun conflict militar semnificativ\u201d, \u00een contextul tensiunilor dintre SUA \u0219i Coreea de Nord \u0219i dintre NATO \u0219i Rusia, obiective din Europa num\u0103r\u00e2ndu-se printre poten\u021bialele \u021binte ale Moscovei.<\/p>\n<p>\u00cen acest an, Conferin\u0163a de securitate de la Munchen va avea loc \u00eentre 15 \u015fi 17 februarie, la ea fiind a\u015ftepta\u0163i s\u0103 participe aproape 100 de mini\u015ftri \u015fi 40 de \u015fefi de stat sau de guvern.<\/p>\n<p>Men\u021bion\u0103m c\u0103 Igor Dodon a declarat \u00een mai multe r\u00e2nduri faptul c\u0103 institu\u021bia preziden\u021bial\u0103 preg\u0103te\u0219te un plan propriu privind rezolvarea problemei transnistrene. Se presupune c\u0103 acest plan ar consta \u00een federalizarea Republicii Moldova.<\/p>\n<p>Sursa:\u00a0<a href=\"https:\/\/deschide.md\/ro\/stiri\/politic\/44237\/Dodon-invitat-la-Munchen-s\u0103-prezinte-planul-pe-Transnistria-Guvernul-refuz\u0103-s\u0103-participe.htm\">https:\/\/deschide.md\/<\/a><\/p>\n","protected":false},"excerpt":{"rendered":"<p>Author: Vadim Vasiliu Pre\u0219edintele Igor Dodon va participa la Conferin\u021ba de Securitate de la Munchen, de\u0219i, tradi\u021bional, la acest forum mondial particip\u0103 prim-ministrul \u0219i ministrul de Externe ai Republicii Moldova. Igor Dodon a fost invitat de c\u0103tre organizatorii conferin\u021bei direct, cu evitarea canalelor diplomatice. Guvernul a decis c\u0103 nu va merge la Munchen pentru a&#8230;<\/p>\n","protected":false},"author":2,"featured_media":0,"comment_status":"closed","ping_status":"open","sticky":false,"template":"","format":"standard","meta":[],"categories":[1],"tags":[],"_links":{"self":[{"href":"https:\/\/centers.ulbsibiu.ro\/ccsprise\/lact\/wp-json\/wp\/v2\/posts\/5936"}],"collection":[{"href":"https:\/\/centers.ulbsibiu.ro\/ccsprise\/lact\/wp-json\/wp\/v2\/posts"}],"about":[{"href":"https:\/\/centers.ulbsibiu.ro\/ccsprise\/lact\/wp-json\/wp\/v2\/types\/post"}],"author":[{"embeddable":true,"href":"https:\/\/centers.ulbsibiu.ro\/ccsprise\/lact\/wp-json\/wp\/v2\/users\/2"}],"replies":[{"embeddable":true,"href":"https:\/\/centers.ulbsibiu.ro\/ccsprise\/lact\/wp-json\/wp\/v2\/comments?post=5936"}],"version-history":[{"count":1,"href":"https:\/\/centers.ulbsibiu.ro\/ccsprise\/lact\/wp-json\/wp\/v2\/posts\/5936\/revisions"}],"predecessor-version":[{"id":5937,"href":"https:\/\/centers.ulbsibiu.ro\/ccsprise\/lact\/wp-json\/wp\/v2\/posts\/5936\/revisions\/5937"}],"wp:attachment":[{"href":"https:\/\/centers.ulbsibiu.ro\/ccsprise\/lact\/wp-json\/wp\/v2\/media?parent=5936"}],"wp:term":[{"taxonomy":"category","embeddable":true,"href":"https:\/\/centers.ulbsibiu.ro\/ccsprise\/lact\/wp-json\/wp\/v2\/categories?post=5936"},{"taxonomy":"post_tag","embeddable":true,"href":"https:\/\/centers.ulbsibiu.ro\/ccsprise\/lact\/wp-json\/wp\/v2\/tags?post=5936"}],"curies":[{"name":"wp","href":"https:\/\/api.w.org\/{rel}","templated":true}]}}