{"id":5929,"date":"2019-02-11T18:13:14","date_gmt":"2019-02-11T16:13:14","guid":{"rendered":"https:\/\/centers.ulbsibiu.ro\/ccsprise\/lact\/?p=5929"},"modified":"2019-02-11T18:13:14","modified_gmt":"2019-02-11T16:13:14","slug":"deschide-md-separatisii-se-umfla-in-pene-dupa-moscova-vor-sa-deschida-reprezentante-la-kiev-si-bruxelles","status":"publish","type":"post","link":"https:\/\/centers.ulbsibiu.ro\/ccsprise\/lact\/deschide-md-separatisii-se-umfla-in-pene-dupa-moscova-vor-sa-deschida-reprezentante-la-kiev-si-bruxelles\/","title":{"rendered":"Deschide.md &#8211; Separati\u0219ii se umfl\u0103 \u00een pene. Dup\u0103 Moscova, vor s\u0103 deschid\u0103 reprezentan\u021be la Kiev \u0219i Bruxelles"},"content":{"rendered":"<p><span style=\"display: inline !important; float: none; background-color: transparent; color: #888888; font-family: 'Arimo',sans-serif; font-size: 13px; font-style: normal; font-variant: normal; font-weight: 400; letter-spacing: normal; orphans: 2; text-align: left; text-decoration: none; text-indent: 0px; text-transform: none; -webkit-text-stroke-width: 0px; white-space: normal; word-spacing: 0px;\">Author: Vadim Vasiliu<\/span><\/p>\n<p>Liderul separatist de la Tiraspol, Vadim Krasnoselski, vrea deschiderea a noi reprezentan\u021be oficiale a Transnistriei la Kiev \u0219i Bruxelles, dup\u0103 modelul oficiului inaugurat recent la Moscova. Potrivit lui Krasnoselski, acest pas ar apropia regiunea transnistrean\u0103 de recunoa\u0219terea interna\u021bional\u0103, deziderat care ar fi fost confirmat \u00een cadrul unui referendum din 2006 (referendumul a fost declarat ilegal la Chi\u0219in\u0103u).<br \/>\nVadim Krasnoselski a adus aminte c\u0103 o reprezentan\u021b\u0103 oficial\u0103 a Transnistriei a fost inaugurat\u0103 la Moscova la sf\u00e2r\u0219itul lunii ianuarie. Potrivit acestuia, \u201einstitu\u021bii\u201d similare ar trebui deschise \u00een capitala Ucrainei care este garantul procesului de negocieri \u0219i \u00een capitala Uniunii Europene, observator \u00een cadrul formatului 5+2.<br \/>\n\u201eEste foarte important c\u0103 cet\u0103\u021benii Transnistriei care locuiesc \u00een Rusia \u00ee\u0219i pot rezolva problemele. Nemaivorbind despre rela\u021biile culturale, umanitare \u0219i economice dintre Transnistria \u0219i Rusia. Cu toate acestea, scopul nostru este s\u0103 construim rela\u021bii de bun\u0103 vecin\u0103tate, cultural-umanitare \u0219i comercial-economice \u0219i cu Ucraina \u0219i cu Uniunea European\u0103. De aceea, art fi corect s\u0103 punem \u00een sarcina ministerului de externe deschiderea unor reprezentan\u021be \u00een Kiev \u0219i \u00een Bruxelles\u201d, a declarat Krasnoselski.<br \/>\nAmintim c\u0103 Chi\u0219in\u0103ul a contestat legitimitatea deschiderii unei reprezentan\u021be transnistrene la Moscova. Ambasada Rusiei la Chi\u0219in\u0103u a l\u0103murit c\u0103 ar fi fost vorba despre o funda\u021bie ob\u0219teasc\u0103 \u00eenregistrat\u0103 la Ministerul Justi\u021biei. Chi\u0219in\u0103ul nu a crezut \u0219i oficial a protestat la OSCE fa\u021b\u0103 de deschiderea acestei reprezentan\u021be sub camuflajul unei funda\u021bii ob\u0219te\u0219ti. Pe placa oficiului de la Moscova este scris \u201eReprezentan\u021ba oficial\u0103 a Transnistriei \u00een Federa\u021bia Rus\u0103\u201d.<\/p>\n<p>Sursa:\u00a0<a href=\"https:\/\/deschide.md\/ro\/stiri\/23\/44178\/Separati\u0219ii-se-umfl\u0103-\u00een-pene-Dup\u0103-Moscova-vor-s\u0103-deschid\u0103-reprezentan\u021be-la-Kiev-\u0219i-Bruxelles.htm?fbclid=IwAR0Elpecs3yopQyNom27gDIdYR61EiPePn_MYbCvrcvutUTfGqZZOnC31-8\">https:\/\/deschide.md\/<\/a><\/p>\n","protected":false},"excerpt":{"rendered":"<p>Author: Vadim Vasiliu Liderul separatist de la Tiraspol, Vadim Krasnoselski, vrea deschiderea a noi reprezentan\u021be oficiale a Transnistriei la Kiev \u0219i Bruxelles, dup\u0103 modelul oficiului inaugurat recent la Moscova. Potrivit lui Krasnoselski, acest pas ar apropia regiunea transnistrean\u0103 de recunoa\u0219terea interna\u021bional\u0103, deziderat care ar fi fost confirmat \u00een cadrul unui referendum din 2006 (referendumul a&#8230;<\/p>\n","protected":false},"author":2,"featured_media":0,"comment_status":"closed","ping_status":"open","sticky":false,"template":"","format":"standard","meta":[],"categories":[1],"tags":[],"_links":{"self":[{"href":"https:\/\/centers.ulbsibiu.ro\/ccsprise\/lact\/wp-json\/wp\/v2\/posts\/5929"}],"collection":[{"href":"https:\/\/centers.ulbsibiu.ro\/ccsprise\/lact\/wp-json\/wp\/v2\/posts"}],"about":[{"href":"https:\/\/centers.ulbsibiu.ro\/ccsprise\/lact\/wp-json\/wp\/v2\/types\/post"}],"author":[{"embeddable":true,"href":"https:\/\/centers.ulbsibiu.ro\/ccsprise\/lact\/wp-json\/wp\/v2\/users\/2"}],"replies":[{"embeddable":true,"href":"https:\/\/centers.ulbsibiu.ro\/ccsprise\/lact\/wp-json\/wp\/v2\/comments?post=5929"}],"version-history":[{"count":1,"href":"https:\/\/centers.ulbsibiu.ro\/ccsprise\/lact\/wp-json\/wp\/v2\/posts\/5929\/revisions"}],"predecessor-version":[{"id":5930,"href":"https:\/\/centers.ulbsibiu.ro\/ccsprise\/lact\/wp-json\/wp\/v2\/posts\/5929\/revisions\/5930"}],"wp:attachment":[{"href":"https:\/\/centers.ulbsibiu.ro\/ccsprise\/lact\/wp-json\/wp\/v2\/media?parent=5929"}],"wp:term":[{"taxonomy":"category","embeddable":true,"href":"https:\/\/centers.ulbsibiu.ro\/ccsprise\/lact\/wp-json\/wp\/v2\/categories?post=5929"},{"taxonomy":"post_tag","embeddable":true,"href":"https:\/\/centers.ulbsibiu.ro\/ccsprise\/lact\/wp-json\/wp\/v2\/tags?post=5929"}],"curies":[{"name":"wp","href":"https:\/\/api.w.org\/{rel}","templated":true}]}}