{"id":5926,"date":"2019-02-11T18:01:21","date_gmt":"2019-02-11T16:01:21","guid":{"rendered":"https:\/\/centers.ulbsibiu.ro\/ccsprise\/lact\/?p=5926"},"modified":"2019-02-11T18:01:43","modified_gmt":"2019-02-11T16:01:43","slug":"ziarulnational-md-doc-eroii-cazuti-in-razboiul-de-la-nistru-comemorati-pe-2-martie-planul-manifestatiilor-dedicate-comemorarii-a-27-ani-de-la-inceputul-actiunilor-de-lupta-pentru-apararea-integ","status":"publish","type":"post","link":"https:\/\/centers.ulbsibiu.ro\/ccsprise\/lact\/ziarulnational-md-doc-eroii-cazuti-in-razboiul-de-la-nistru-comemorati-pe-2-martie-planul-manifestatiilor-dedicate-comemorarii-a-27-ani-de-la-inceputul-actiunilor-de-lupta-pentru-apararea-integ\/","title":{"rendered":"Ziarulnational.md &#8211; DOC \/\/ Eroii c\u0103zu\u021bi \u00een r\u0103zboiul de la Nistru, comemora\u021bi pe 2 martie: Planul manifesta\u0163iilor dedicate comemor\u0103rii a 27 ani de la \u00eenceputul ac\u0163iunilor de lupt\u0103 pentru ap\u0103rarea integrit\u0103\u0163ii \u015fi independen\u0163ei R. Moldova"},"content":{"rendered":"<p>Autorit\u0103\u021bile vor organiza, pe 2 martie curent, mai multe ac\u021biuni dedicate Zilei comemor\u0103rii eroilor c\u0103zu\u021bi \u00een r\u0103zboiul de pe Nistru at\u00e2t \u00een municipiul Chi\u015fin\u0103u, c\u00e2t \u015fi \u00een celelalte localit\u0103\u021bi ale R. Moldova.<\/p>\n<p>Astfel, \u00een Chi\u0219in\u0103u, ceremonia va \u00eencepe cu Mar\u015ful Memoriei, depuneri de flori \u0219i un miting de comemorare la Complexul memorial \u201eEternitate\u201d, potrivit unei decizii aprobate de Guvern.<\/p>\n<p>\u00cen institu\u021biile de \u00eenv\u0103\u021b\u0103m\u00e2nt din republic\u0103 \u0219i \u00een unit\u0103\u021bile militare vor fi organizate \u00eent\u00e2lniri cu veteranii r\u0103zboiului de pe Nistru.<\/p>\n<p>Totodat\u0103, eroii c\u0103zu\u021bi pe c\u00e2mpul de lupt\u0103 vor fi comemora\u021bi prin organizarea expozi\u021biilor, difuzarea emisiunilor tematice TV \u0219i radio, precum \u0219i desf\u0103\u0219urarea competi\u021biilor sportive.<\/p>\n<p>\u00cen mai multe localit\u0103\u021bi vor fi instalate pl\u0103ci comemorative, iar unele str\u0103zi vor fi redenumite \u00een memoria eroilor c\u0103zu\u0163i.<\/p>\n<p>Textul complet (inclusiv programul manifest\u0103rilor):\u00a0<a href=\"https:\/\/www.ziarulnational.md\/doc-eroii-cazuti-in-razboiul-de-la-nistru-comemorati-pe-2-martie-planul-manifestatiilor-dedicate-comemorarii-a-27-ani-de-la-inceputul-actiunilor-de-lupta-pentru-apararea-integritatii-si-independentei-r-moldova\/\">https:\/\/www.ziarulnational.md\/<\/a><\/p>\n","protected":false},"excerpt":{"rendered":"<p>Autorit\u0103\u021bile vor organiza, pe 2 martie curent, mai multe ac\u021biuni dedicate Zilei comemor\u0103rii eroilor c\u0103zu\u021bi \u00een r\u0103zboiul de pe Nistru at\u00e2t \u00een municipiul Chi\u015fin\u0103u, c\u00e2t \u015fi \u00een celelalte localit\u0103\u021bi ale R. Moldova. Astfel, \u00een Chi\u0219in\u0103u, ceremonia va \u00eencepe cu Mar\u015ful Memoriei, depuneri de flori \u0219i un miting de comemorare la Complexul memorial \u201eEternitate\u201d, potrivit unei&#8230;<\/p>\n","protected":false},"author":2,"featured_media":0,"comment_status":"closed","ping_status":"open","sticky":false,"template":"","format":"standard","meta":[],"categories":[1],"tags":[],"_links":{"self":[{"href":"https:\/\/centers.ulbsibiu.ro\/ccsprise\/lact\/wp-json\/wp\/v2\/posts\/5926"}],"collection":[{"href":"https:\/\/centers.ulbsibiu.ro\/ccsprise\/lact\/wp-json\/wp\/v2\/posts"}],"about":[{"href":"https:\/\/centers.ulbsibiu.ro\/ccsprise\/lact\/wp-json\/wp\/v2\/types\/post"}],"author":[{"embeddable":true,"href":"https:\/\/centers.ulbsibiu.ro\/ccsprise\/lact\/wp-json\/wp\/v2\/users\/2"}],"replies":[{"embeddable":true,"href":"https:\/\/centers.ulbsibiu.ro\/ccsprise\/lact\/wp-json\/wp\/v2\/comments?post=5926"}],"version-history":[{"count":2,"href":"https:\/\/centers.ulbsibiu.ro\/ccsprise\/lact\/wp-json\/wp\/v2\/posts\/5926\/revisions"}],"predecessor-version":[{"id":5928,"href":"https:\/\/centers.ulbsibiu.ro\/ccsprise\/lact\/wp-json\/wp\/v2\/posts\/5926\/revisions\/5928"}],"wp:attachment":[{"href":"https:\/\/centers.ulbsibiu.ro\/ccsprise\/lact\/wp-json\/wp\/v2\/media?parent=5926"}],"wp:term":[{"taxonomy":"category","embeddable":true,"href":"https:\/\/centers.ulbsibiu.ro\/ccsprise\/lact\/wp-json\/wp\/v2\/categories?post=5926"},{"taxonomy":"post_tag","embeddable":true,"href":"https:\/\/centers.ulbsibiu.ro\/ccsprise\/lact\/wp-json\/wp\/v2\/tags?post=5926"}],"curies":[{"name":"wp","href":"https:\/\/api.w.org\/{rel}","templated":true}]}}