{"id":5924,"date":"2019-02-11T17:51:52","date_gmt":"2019-02-11T15:51:52","guid":{"rendered":"https:\/\/centers.ulbsibiu.ro\/ccsprise\/lact\/?p=5924"},"modified":"2019-02-11T17:51:52","modified_gmt":"2019-02-11T15:51:52","slug":"publika-md-esec-pentru-rusia-la-cedo-dupa-ce-a-incalcat-dreptul-la-viata-al-unui-militar-din-transnistria","status":"publish","type":"post","link":"https:\/\/centers.ulbsibiu.ro\/ccsprise\/lact\/publika-md-esec-pentru-rusia-la-cedo-dupa-ce-a-incalcat-dreptul-la-viata-al-unui-militar-din-transnistria\/","title":{"rendered":"Publika.md &#8211; E\u0219ec pentru Rusia la CEDO, dup\u0103 ce a \u00eenc\u0103lcat dreptul la via\u0163\u0103 al unui militar din Transnistria"},"content":{"rendered":"<p>Rusia va pl\u0103ti 53 de mii de euro pentru c\u0103 a \u00eenc\u0103lcat dreptul la via\u0163\u0103 al unui militar din regiunea transnistrean\u0103. Potrivit hot\u0103r\u00e2rii CEDO, autorit\u0103\u0163ile de la Moscova trebuie s\u0103-i achite banii mamei lui Alexandru Stomatii, care \u00een anul 2009 a fost \u00eencorporat for\u0163at \u00eentr-o unitate paramilitar\u0103 ilegal\u0103 din st\u00e2nga Nistrului, iar un an mai t\u00e2rziu, a fost omor\u00e2t.<br \/>\nHot\u0103r\u00e2rea a fost pronun\u0163at\u0103 \u00een septembrie 2018, \u00eens\u0103 Rusia a cerut re-examinarea cazului, iar recent, Marea Camer\u0103 a CEDO a respins aceast\u0103 solicitare.<br \/>\nAcum, autorit\u0103\u0163ile ruse sunt obligate s\u0103-i dea femeii 50 de mii de euro prejudicii morale \u015fi trei mii de euro pentru compensarea cheltuielilor de judecat\u0103.<br \/>\nPotrivit organiza\u0163iilor din \u0163ara noastr\u0103 care ap\u0103r\u0103 drepturile omului, \u00een ultimii 10 ani au fost \u00eenregistrate mai multe cazuri de deces \u00een a\u015fa-zisa armat\u0103 transnistrean\u0103.<br \/>\nTinerii care refuz\u0103 s\u0103 fie \u00eenrola\u021bi pl\u0103tesc amend\u0103 de p\u00e2n\u0103 la 1 700 de euro sau risc\u0103 \u00eenchisoare de p\u00e2n\u0103 la doi ani.<\/p>\n<p>Cite\u0219te mai mult:\u00a0<a href=\"https:\/\/www.publika.md\/esec-pentru-rusia-la-cedo-dupa-ce-a-incalcat-dreptul-la-viata-al-unui-militar-din-transnistria_3033808.html\">https:\/\/www.publika.md\/<\/a><br \/>\nFollow us: @publikatv on Twitter | publika.md on Facebook<\/p>\n","protected":false},"excerpt":{"rendered":"<p>Rusia va pl\u0103ti 53 de mii de euro pentru c\u0103 a \u00eenc\u0103lcat dreptul la via\u0163\u0103 al unui militar din regiunea transnistrean\u0103. Potrivit hot\u0103r\u00e2rii CEDO, autorit\u0103\u0163ile de la Moscova trebuie s\u0103-i achite banii mamei lui Alexandru Stomatii, care \u00een anul 2009 a fost \u00eencorporat for\u0163at \u00eentr-o unitate paramilitar\u0103 ilegal\u0103 din st\u00e2nga Nistrului, iar un an mai&#8230;<\/p>\n","protected":false},"author":2,"featured_media":0,"comment_status":"closed","ping_status":"open","sticky":false,"template":"","format":"standard","meta":[],"categories":[1],"tags":[],"_links":{"self":[{"href":"https:\/\/centers.ulbsibiu.ro\/ccsprise\/lact\/wp-json\/wp\/v2\/posts\/5924"}],"collection":[{"href":"https:\/\/centers.ulbsibiu.ro\/ccsprise\/lact\/wp-json\/wp\/v2\/posts"}],"about":[{"href":"https:\/\/centers.ulbsibiu.ro\/ccsprise\/lact\/wp-json\/wp\/v2\/types\/post"}],"author":[{"embeddable":true,"href":"https:\/\/centers.ulbsibiu.ro\/ccsprise\/lact\/wp-json\/wp\/v2\/users\/2"}],"replies":[{"embeddable":true,"href":"https:\/\/centers.ulbsibiu.ro\/ccsprise\/lact\/wp-json\/wp\/v2\/comments?post=5924"}],"version-history":[{"count":1,"href":"https:\/\/centers.ulbsibiu.ro\/ccsprise\/lact\/wp-json\/wp\/v2\/posts\/5924\/revisions"}],"predecessor-version":[{"id":5925,"href":"https:\/\/centers.ulbsibiu.ro\/ccsprise\/lact\/wp-json\/wp\/v2\/posts\/5924\/revisions\/5925"}],"wp:attachment":[{"href":"https:\/\/centers.ulbsibiu.ro\/ccsprise\/lact\/wp-json\/wp\/v2\/media?parent=5924"}],"wp:term":[{"taxonomy":"category","embeddable":true,"href":"https:\/\/centers.ulbsibiu.ro\/ccsprise\/lact\/wp-json\/wp\/v2\/categories?post=5924"},{"taxonomy":"post_tag","embeddable":true,"href":"https:\/\/centers.ulbsibiu.ro\/ccsprise\/lact\/wp-json\/wp\/v2\/tags?post=5924"}],"curies":[{"name":"wp","href":"https:\/\/api.w.org\/{rel}","templated":true}]}}