{"id":5922,"date":"2019-02-11T17:45:52","date_gmt":"2019-02-11T15:45:52","guid":{"rendered":"https:\/\/centers.ulbsibiu.ro\/ccsprise\/lact\/?p=5922"},"modified":"2019-02-11T17:45:52","modified_gmt":"2019-02-11T15:45:52","slug":"gov-md-despre-sedinta-grupurilor-de-lucru-pentru-transport-feroviar-si-comunicatii","status":"publish","type":"post","link":"https:\/\/centers.ulbsibiu.ro\/ccsprise\/lact\/gov-md-despre-sedinta-grupurilor-de-lucru-pentru-transport-feroviar-si-comunicatii\/","title":{"rendered":"Gov.md &#8211; Despre \u0219edin\u021ba grupurilor de lucru pentru transport feroviar \u0219i comunica\u021bii"},"content":{"rendered":"<p>Pe 08 februarie curent, la sediul Misiunii OSCE din or. Tiraspol a avut loc \u0219edin\u021ba grupurilor de lucru pentru transport feroviar \u0219i comunica\u021bii, cu participarea reprezentan\u021bilor din cadrul formatului de negocieri \u201e5+2\u201d. Delega\u021bia Chi\u0219in\u0103ului a fost condus\u0103 de c\u0103tre Directorul general al \u00ceS \u201eCalea Ferat\u0103 din Moldova\u201d Iurii Topala.<br \/>\nLucr\u0103rile \u0219edin\u021bei au fost dedicate abord\u0103rii problemelor existente \u00een domeniul comunica\u021biilor feroviare, \u00een special \u00een partea ce \u021bine de circula\u021bia trenurilor marfare \u0219i de pasageri, tarifele aplicate pentru utilizarea unor tronsoane de cale ferat\u0103 \u0219i importul unor categorii de bunuri \u00een condi\u021biile organiz\u0103rii controlului \u00een comun la punctele de trecere amplasate pe segmentul central al frontierei de stat moldo-ucrainene.<br \/>\nUn subiect insistent propus pe parcursul ultimilor ani de c\u0103tre partea transnistrean\u0103 este cel legat de redeschiderea importului de produse petroliere prin punctul de trecere ,,Slobodca-Colbasna\u201d, \u00een pofida argumentelor p\u0103r\u021bii moldovene\u0219ti despre lipsa infrastructurii necesare \u00een acel punct, crearea posibilit\u0103\u021bii de a efectua asemenea importuri prin punctul de trecere \u201cCuciurgan-Novosavi\u021bcaia\u201d conform prevederilor Hot\u0103r\u00e2rii de Guvern nr.1232 din 09.11.2016, dar \u0219i necesitatea solu\u021bion\u0103rii unei serii complexe de probleme din sfera comunica\u021biilor feroviare.<br \/>\nUrm\u0103toarea \u0219edin\u021b\u0103 a grupului de lucru va avea loc la Chi\u0219in\u0103u.<\/p>\n<p>Sursa:\u00a0<a href=\"https:\/\/gov.md\/ro\/content\/despre-sedinta-grupurilor-de-lucru-pentru-transport-feroviar-si-comunicatii\">https:\/\/gov.md\/<\/a><\/p>\n","protected":false},"excerpt":{"rendered":"<p>Pe 08 februarie curent, la sediul Misiunii OSCE din or. Tiraspol a avut loc \u0219edin\u021ba grupurilor de lucru pentru transport feroviar \u0219i comunica\u021bii, cu participarea reprezentan\u021bilor din cadrul formatului de negocieri \u201e5+2\u201d. Delega\u021bia Chi\u0219in\u0103ului a fost condus\u0103 de c\u0103tre Directorul general al \u00ceS \u201eCalea Ferat\u0103 din Moldova\u201d Iurii Topala. Lucr\u0103rile \u0219edin\u021bei au fost dedicate abord\u0103rii&#8230;<\/p>\n","protected":false},"author":2,"featured_media":0,"comment_status":"closed","ping_status":"open","sticky":false,"template":"","format":"standard","meta":[],"categories":[1],"tags":[],"_links":{"self":[{"href":"https:\/\/centers.ulbsibiu.ro\/ccsprise\/lact\/wp-json\/wp\/v2\/posts\/5922"}],"collection":[{"href":"https:\/\/centers.ulbsibiu.ro\/ccsprise\/lact\/wp-json\/wp\/v2\/posts"}],"about":[{"href":"https:\/\/centers.ulbsibiu.ro\/ccsprise\/lact\/wp-json\/wp\/v2\/types\/post"}],"author":[{"embeddable":true,"href":"https:\/\/centers.ulbsibiu.ro\/ccsprise\/lact\/wp-json\/wp\/v2\/users\/2"}],"replies":[{"embeddable":true,"href":"https:\/\/centers.ulbsibiu.ro\/ccsprise\/lact\/wp-json\/wp\/v2\/comments?post=5922"}],"version-history":[{"count":1,"href":"https:\/\/centers.ulbsibiu.ro\/ccsprise\/lact\/wp-json\/wp\/v2\/posts\/5922\/revisions"}],"predecessor-version":[{"id":5923,"href":"https:\/\/centers.ulbsibiu.ro\/ccsprise\/lact\/wp-json\/wp\/v2\/posts\/5922\/revisions\/5923"}],"wp:attachment":[{"href":"https:\/\/centers.ulbsibiu.ro\/ccsprise\/lact\/wp-json\/wp\/v2\/media?parent=5922"}],"wp:term":[{"taxonomy":"category","embeddable":true,"href":"https:\/\/centers.ulbsibiu.ro\/ccsprise\/lact\/wp-json\/wp\/v2\/categories?post=5922"},{"taxonomy":"post_tag","embeddable":true,"href":"https:\/\/centers.ulbsibiu.ro\/ccsprise\/lact\/wp-json\/wp\/v2\/tags?post=5922"}],"curies":[{"name":"wp","href":"https:\/\/api.w.org\/{rel}","templated":true}]}}