{"id":5920,"date":"2019-02-11T17:44:38","date_gmt":"2019-02-11T15:44:38","guid":{"rendered":"https:\/\/centers.ulbsibiu.ro\/ccsprise\/lact\/?p=5920"},"modified":"2019-02-11T17:44:38","modified_gmt":"2019-02-11T15:44:38","slug":"hotnews-ro-calendare-cu-imaginea-lui-igor-dodon-si-vladimir-putin-distribuite-in-transnistria-in-plina-campanie-electorala-avertisment-al-comisiei-electorale-pentru-dodon","status":"publish","type":"post","link":"https:\/\/centers.ulbsibiu.ro\/ccsprise\/lact\/hotnews-ro-calendare-cu-imaginea-lui-igor-dodon-si-vladimir-putin-distribuite-in-transnistria-in-plina-campanie-electorala-avertisment-al-comisiei-electorale-pentru-dodon\/","title":{"rendered":"Hotnews.ro: Calendare cu imaginea lui Igor Dodon \u0219i Vladimir Putin, distribuite \u00een Transnistria \u00een plin\u0103 campanie electoral\u0103. Avertisment al Comisiei Electorale pentru Dodon"},"content":{"rendered":"<p>Calendare tip\u0103rite cu imaginea pre\u0219edintelui Igor Dodon \u0219i a liderului rus Vladimir Putin, precum \u0219i materiale de promovare a amnistierii migran\u021bilor moldoveni din Rusia, valabile p\u00e2n\u0103 la 24 februarie, data alegerilor parlamentare din Republica Moldova, sunt distribuite, \u00een plin\u0103 campanie electoral\u0103, \u00een regiunea transnistrean\u0103. Pre\u015fedintele Igor Dodon a fost avertizat la sf\u00e2r\u015fitul s\u0103pt\u0103m\u00e2nii trecute de c\u0103tre Comisia Electoral\u0103 Central\u0103 de la Chi\u015fin\u0103u s\u0103 nu se implice \u00een campania electoral\u0103 \u015fi s\u0103 nu utilizeze resursele pre\u015fedin\u0163iei \u00een favoarea promov\u0103rii Partidului Sociali\u015ftilor, potrivit Radio Chi\u0219in\u0103u.<\/p>\n<p>Distribuirea calendarelor cu imaginea lui Dodon \u0219i a lui Putin a fost anun\u021bat\u0103 de c\u0103tre Eleonora Cercavschi, directoarea Liceului &#8220;\u0218tefan cel Mare\u201d din Grigoriopol \u0219i candidata Blocului &#8220;ACUM&#8221; la alegerile parlamentare.<\/p>\n<p>Potrivit imaginilor postate de Eleonora Cercavschi, \u00een materiale sunt prezentate rezultatele \u00eentrevederii dintre Igor Dodon \u0219i Vladimir Putin, subliniindu-se faptul c\u0103 a fost ob\u021binut\u0103 amnisterea pentru moldovenii care muncesc \u00een Rusia, anularea taxelor comerciale, precum \u0219i planificarea mai multor proiecte investi\u021bionale \u0219i umanitare.<\/p>\n<p>Pre\u015fedintele Igor Dodon a fost avertizat la sf\u00e2r\u015fitul s\u0103pt\u0103m\u00e2nii trecute de c\u0103tre Comisia Electoral\u0103 Central\u0103 (CEC) de la Chi\u015fin\u0103u s\u0103 nu se implice \u00een campania electoral\u0103 \u015fi s\u0103 nu utilizeze resursele pre\u015fedin\u0163iei \u00een favoarea promov\u0103rii Partidului Sociali\u015ftilor din Republica Moldova (PSRM) \u00een perspectiva alegerilor parlamentare din 24 februarie, potrivit Radio Chi\u015fin\u0103u.<\/p>\n<p>De asemenea, potrivit unei hot\u0103r\u00e2ri aprobate vineri, CEC a avertizat cu privire la utilizarea resurselor administrative ale Pre\u015fedin\u0163iei \u00een campania electoral\u0103 \u00een favoarea PSRM.<\/p>\n<p>\u00cen hot\u0103r\u00e2rea sa, Comisia electoral\u0103 readuce \u00een aten\u0163ie prevederile Codului electoral, precum \u015fi unele decizii ale Cur\u0163ii Constitu\u0163ionale, care \u00eei interzic \u015fefului statului s\u0103 fie membru de partid \u015fi \u00eel oblig\u0103 s\u0103 adopte un comportament politic neutru.<\/p>\n<p>\u00cen opinia CEC, participarea candida\u0163ilor \u015fi membrilor PSRM la evenimentele organizate de Pre\u015fedin\u0163ie ar reprezenta transfer de imagine \u00een favoarea acestora. Comisia a denun\u0163at, totodat\u0103, utilizarea resurselor publice \u00een campania electoral\u0103. Reprezentantul PSRM \u00een Comisia Electoral\u0103 Central\u0103, Maxim Lebedinski, consilier al lui Igor Dodon, a negat acuza\u0163iile, sus\u0163in\u00e2nd c\u0103 PSRM nu poate controla comportamentul \u015fefului statului.<\/p>\n<p>Sursa:\u00a0<a href=\"https:\/\/www.hotnews.ro\/stiri-international-22967245-calendare-imaginea-lui-igor-dodon-vladimir-putin-distribuite-transnistria-plina-campanie-electorala-avertisment-comisiei-electorale-pentru-dodon.htm\">https:\/\/www.hotnews.ro<\/a><\/p>\n","protected":false},"excerpt":{"rendered":"<p>Calendare tip\u0103rite cu imaginea pre\u0219edintelui Igor Dodon \u0219i a liderului rus Vladimir Putin, precum \u0219i materiale de promovare a amnistierii migran\u021bilor moldoveni din Rusia, valabile p\u00e2n\u0103 la 24 februarie, data alegerilor parlamentare din Republica Moldova, sunt distribuite, \u00een plin\u0103 campanie electoral\u0103, \u00een regiunea transnistrean\u0103. Pre\u015fedintele Igor Dodon a fost avertizat la sf\u00e2r\u015fitul s\u0103pt\u0103m\u00e2nii trecute de&#8230;<\/p>\n","protected":false},"author":2,"featured_media":0,"comment_status":"closed","ping_status":"open","sticky":false,"template":"","format":"standard","meta":[],"categories":[1],"tags":[],"_links":{"self":[{"href":"https:\/\/centers.ulbsibiu.ro\/ccsprise\/lact\/wp-json\/wp\/v2\/posts\/5920"}],"collection":[{"href":"https:\/\/centers.ulbsibiu.ro\/ccsprise\/lact\/wp-json\/wp\/v2\/posts"}],"about":[{"href":"https:\/\/centers.ulbsibiu.ro\/ccsprise\/lact\/wp-json\/wp\/v2\/types\/post"}],"author":[{"embeddable":true,"href":"https:\/\/centers.ulbsibiu.ro\/ccsprise\/lact\/wp-json\/wp\/v2\/users\/2"}],"replies":[{"embeddable":true,"href":"https:\/\/centers.ulbsibiu.ro\/ccsprise\/lact\/wp-json\/wp\/v2\/comments?post=5920"}],"version-history":[{"count":1,"href":"https:\/\/centers.ulbsibiu.ro\/ccsprise\/lact\/wp-json\/wp\/v2\/posts\/5920\/revisions"}],"predecessor-version":[{"id":5921,"href":"https:\/\/centers.ulbsibiu.ro\/ccsprise\/lact\/wp-json\/wp\/v2\/posts\/5920\/revisions\/5921"}],"wp:attachment":[{"href":"https:\/\/centers.ulbsibiu.ro\/ccsprise\/lact\/wp-json\/wp\/v2\/media?parent=5920"}],"wp:term":[{"taxonomy":"category","embeddable":true,"href":"https:\/\/centers.ulbsibiu.ro\/ccsprise\/lact\/wp-json\/wp\/v2\/categories?post=5920"},{"taxonomy":"post_tag","embeddable":true,"href":"https:\/\/centers.ulbsibiu.ro\/ccsprise\/lact\/wp-json\/wp\/v2\/tags?post=5920"}],"curies":[{"name":"wp","href":"https:\/\/api.w.org\/{rel}","templated":true}]}}