{"id":5918,"date":"2019-02-08T20:13:10","date_gmt":"2019-02-08T18:13:10","guid":{"rendered":"https:\/\/centers.ulbsibiu.ro\/ccsprise\/lact\/?p=5918"},"modified":"2019-02-08T20:13:10","modified_gmt":"2019-02-08T18:13:10","slug":"infotag-md-transnistria-este-ingrijorata-de-intentia-moldovei-de-a-spori-masurile-de-securitate-in-timpul-alegerilor","status":"publish","type":"post","link":"https:\/\/centers.ulbsibiu.ro\/ccsprise\/lact\/infotag-md-transnistria-este-ingrijorata-de-intentia-moldovei-de-a-spori-masurile-de-securitate-in-timpul-alegerilor\/","title":{"rendered":"Infotag.md &#8211; TRANSNISTRIA ESTE \u00ceNGRIJORAT\u0102 DE INTEN\u0162IA MOLDOVEI DE A SPORI M\u0102SURILE DE SECURITATE \u00ceN TIMPUL ALEGERILOR"},"content":{"rendered":"<p>Delega\u021bia transnistrean\u0103 la Comisia Unificat\u0103 de Control (CUC) \u0219i-a exprimat \u201e\u00eengrijorarea serioas\u0103 \u00een leg\u0103tur\u0103 cu inten\u0163ia Moldovei de a introduce \u00een Zona de Securitate (ZS) for\u021be \u0219i mijloace suplimentare pentru a asigura ordinea public\u0103 la alegerile din 24 februarie\u201d.<br \/>\nPotrivit agen\u0163iei INFOTAG, despre aceasta se men\u021bioneaz\u0103 \u00eentr-o declara\u0163ie a delega\u021biei, prezentat\u0103 \u00een ajun la \u015fedin\u0163a CUC.<br \/>\n\u00cen opinia autorilor, anterior nu au fost \u00eenregistrate \u00eenc\u0103lc\u0103ri grave ale ordinii publice \u00een timpul alegerilor, de aceea introducerea planificat\u0103 a for\u021belor \u0219i mijloacelor suplimentare ale Republicii Moldova \u00een Zona de Securitate va deveni \u201eun element de tensiune \u0219i complicare suplimentar\u0103 a situa\u021biei din zona de responsabilitate a For\u021belor comune de men\u021binere a p\u0103cii\u201d.<br \/>\nPartea transnistrean\u0103 \u201enu planific\u0103 s\u0103 consolideze componenta cantitativ\u0103 \u0219i calitativ\u0103 a ofi\u021berilor de mili\u0163ie \u00een Zona de Securitate \u0219i va depune toate eforturile pentru a asigura ordinea pe teritoriile aflate sub controlul s\u0103u\u201d. De asemenea, delega\u0163ia a cerut colegilor moldoveni \u201es\u0103 se ab\u021bin\u0103 de la ac\u021biuni care ar putea destabiliza situa\u021bia \u00een Zona de Securitate\u201d.<br \/>\n\u201e\u00cen acela\u0219i timp, \u00een\u021beleg\u00e2nd situa\u021bia actual\u0103, propunem ca, \u00een caz de extrem\u0103 necesitate de a introduce for\u021be \u0219i mijloace suplimentare \u00een ZS, aceste m\u0103suri s\u0103 fie desf\u0103\u015furate numai dup\u0103 notificarea CUC \u0219i sub controlul observatorilor militari ai For\u021belor comune de men\u021binere a p\u0103cii, care trebuie s\u0103 \u00eenso\u0163easc\u0103 at\u00e2t introducerea for\u021belor \u0219i mijloacelor suplimentare ale RM, c\u00e2t \u0219i retragerea acestora din Zona de Securitate\u201d, se arat\u0103 \u00een document.<\/p>\n<p>&nbsp;<\/p>\n<p>Sursa:\u00a0<a href=\"http:\/\/www.infotag.md\/rebelion-ro\/272210\/\">http:\/\/www.infotag.md\/<\/a><\/p>\n<p>&nbsp;<\/p>\n","protected":false},"excerpt":{"rendered":"<p>Delega\u021bia transnistrean\u0103 la Comisia Unificat\u0103 de Control (CUC) \u0219i-a exprimat \u201e\u00eengrijorarea serioas\u0103 \u00een leg\u0103tur\u0103 cu inten\u0163ia Moldovei de a introduce \u00een Zona de Securitate (ZS) for\u021be \u0219i mijloace suplimentare pentru a asigura ordinea public\u0103 la alegerile din 24 februarie\u201d. Potrivit agen\u0163iei INFOTAG, despre aceasta se men\u021bioneaz\u0103 \u00eentr-o declara\u0163ie a delega\u021biei, prezentat\u0103 \u00een ajun la \u015fedin\u0163a&#8230;<\/p>\n","protected":false},"author":2,"featured_media":0,"comment_status":"closed","ping_status":"open","sticky":false,"template":"","format":"standard","meta":[],"categories":[1],"tags":[],"_links":{"self":[{"href":"https:\/\/centers.ulbsibiu.ro\/ccsprise\/lact\/wp-json\/wp\/v2\/posts\/5918"}],"collection":[{"href":"https:\/\/centers.ulbsibiu.ro\/ccsprise\/lact\/wp-json\/wp\/v2\/posts"}],"about":[{"href":"https:\/\/centers.ulbsibiu.ro\/ccsprise\/lact\/wp-json\/wp\/v2\/types\/post"}],"author":[{"embeddable":true,"href":"https:\/\/centers.ulbsibiu.ro\/ccsprise\/lact\/wp-json\/wp\/v2\/users\/2"}],"replies":[{"embeddable":true,"href":"https:\/\/centers.ulbsibiu.ro\/ccsprise\/lact\/wp-json\/wp\/v2\/comments?post=5918"}],"version-history":[{"count":1,"href":"https:\/\/centers.ulbsibiu.ro\/ccsprise\/lact\/wp-json\/wp\/v2\/posts\/5918\/revisions"}],"predecessor-version":[{"id":5919,"href":"https:\/\/centers.ulbsibiu.ro\/ccsprise\/lact\/wp-json\/wp\/v2\/posts\/5918\/revisions\/5919"}],"wp:attachment":[{"href":"https:\/\/centers.ulbsibiu.ro\/ccsprise\/lact\/wp-json\/wp\/v2\/media?parent=5918"}],"wp:term":[{"taxonomy":"category","embeddable":true,"href":"https:\/\/centers.ulbsibiu.ro\/ccsprise\/lact\/wp-json\/wp\/v2\/categories?post=5918"},{"taxonomy":"post_tag","embeddable":true,"href":"https:\/\/centers.ulbsibiu.ro\/ccsprise\/lact\/wp-json\/wp\/v2\/tags?post=5918"}],"curies":[{"name":"wp","href":"https:\/\/api.w.org\/{rel}","templated":true}]}}