{"id":5916,"date":"2019-02-08T20:10:29","date_gmt":"2019-02-08T18:10:29","guid":{"rendered":"https:\/\/centers.ulbsibiu.ro\/ccsprise\/lact\/?p=5916"},"modified":"2019-02-08T20:10:29","modified_gmt":"2019-02-08T18:10:29","slug":"europalibera-org-tiraspolul-anunta-o-tabara-de-pregatire-a-unor-militari-pentru-contingentul-de-pacificatori-din-regiunea-separatista","status":"publish","type":"post","link":"https:\/\/centers.ulbsibiu.ro\/ccsprise\/lact\/europalibera-org-tiraspolul-anunta-o-tabara-de-pregatire-a-unor-militari-pentru-contingentul-de-pacificatori-din-regiunea-separatista\/","title":{"rendered":"Europalibera.org &#8211; Tiraspolul anun\u021b\u0103 o tab\u0103r\u0103 de preg\u0103tire a unor militari pentru contingentul de pacificatori din regiunea separatist\u0103"},"content":{"rendered":"<ul class=\"links__list links__list--column\">\n<li class=\"links__item\"><a class=\"links__item-link\" title=\"Lina Gr\u00e2u\" href=\"https:\/\/moldova.europalibera.org\/author\/22344.html\">Lina Gr\u00e2u<\/a><\/li>\n<\/ul>\n<p>B\u0103rba\u021bilor din st\u00e2nga Nistrului, cu v\u00e2rsta de p\u00e2n\u0103 la 50 de ani, li se propune la un cantonament de preg\u0103tire a contingentului de pacificatori transnistreni, care va dura trei luni. Un comunicat al departamentului de ap\u0103rare a regiunii separatiste anun\u021b\u0103 c\u0103 la finalul acestuia cei mai buni participan\u021bi vor putea deveni militari \u00een baz\u0103 de contract \u00een cadrul contingentului de pacificatori transnistreni.<br \/>\nPresa de la Tiraspol anun\u021b\u0103 c\u0103 participan\u021bii vor avea incluse echipamentul, cazarea \u0219i masa \u0219i vor primi c\u00e2te 2500 de ruble pe luna \u00een perioada cantonamentului. Iar cei care vor deveni militari \u00een baz\u0103 de contract vor fi remunera\u021bi cu 3500 de ruble, aproximativ 210 de dolari lunar.<br \/>\nMisiunea de pacificare de pe Nistru este condus\u0103 de Federa\u0163ia Rus\u0103 \u0219i are \u00een componen\u021ba sa militari ru\u0219i, moldoveni \u0219i transnistreni. Militarii ru\u0219i din cadrul misiunii sunt delega\u021bi prin rota\u021bie din r\u00e2ndul Grupului operativ de trupe ruse dislocat \u00een regiunea separatist\u0103 f\u0103r\u0103 acordul autorit\u0103\u021bilor moldovene. De mai mul\u021bi ani Chi\u015fin\u0103ul insist\u0103 asupra transform\u0103rii misiunii de pacificare \u00een una civil\u0103 cu mandat interna\u021bional. Ideea este respins\u0103 de Moscova, iar Tiraspolul sus\u021bine c\u0103 prezen\u021ba militarilor ru\u0219i este singura garan\u021bie de securitate pentru regiunea separatist\u0103.<\/p>\n<p>&nbsp;<\/p>\n<p>Sursa:\u00a0<a href=\"https:\/\/moldova.europalibera.org\/a\/29758976.html\">https:\/\/moldova.europalibera.org\/<\/a><\/p>\n<p>&nbsp;<\/p>\n","protected":false},"excerpt":{"rendered":"<p>Lina Gr\u00e2u B\u0103rba\u021bilor din st\u00e2nga Nistrului, cu v\u00e2rsta de p\u00e2n\u0103 la 50 de ani, li se propune la un cantonament de preg\u0103tire a contingentului de pacificatori transnistreni, care va dura trei luni. Un comunicat al departamentului de ap\u0103rare a regiunii separatiste anun\u021b\u0103 c\u0103 la finalul acestuia cei mai buni participan\u021bi vor putea deveni militari \u00een&#8230;<\/p>\n","protected":false},"author":2,"featured_media":0,"comment_status":"closed","ping_status":"open","sticky":false,"template":"","format":"standard","meta":[],"categories":[1],"tags":[],"_links":{"self":[{"href":"https:\/\/centers.ulbsibiu.ro\/ccsprise\/lact\/wp-json\/wp\/v2\/posts\/5916"}],"collection":[{"href":"https:\/\/centers.ulbsibiu.ro\/ccsprise\/lact\/wp-json\/wp\/v2\/posts"}],"about":[{"href":"https:\/\/centers.ulbsibiu.ro\/ccsprise\/lact\/wp-json\/wp\/v2\/types\/post"}],"author":[{"embeddable":true,"href":"https:\/\/centers.ulbsibiu.ro\/ccsprise\/lact\/wp-json\/wp\/v2\/users\/2"}],"replies":[{"embeddable":true,"href":"https:\/\/centers.ulbsibiu.ro\/ccsprise\/lact\/wp-json\/wp\/v2\/comments?post=5916"}],"version-history":[{"count":1,"href":"https:\/\/centers.ulbsibiu.ro\/ccsprise\/lact\/wp-json\/wp\/v2\/posts\/5916\/revisions"}],"predecessor-version":[{"id":5917,"href":"https:\/\/centers.ulbsibiu.ro\/ccsprise\/lact\/wp-json\/wp\/v2\/posts\/5916\/revisions\/5917"}],"wp:attachment":[{"href":"https:\/\/centers.ulbsibiu.ro\/ccsprise\/lact\/wp-json\/wp\/v2\/media?parent=5916"}],"wp:term":[{"taxonomy":"category","embeddable":true,"href":"https:\/\/centers.ulbsibiu.ro\/ccsprise\/lact\/wp-json\/wp\/v2\/categories?post=5916"},{"taxonomy":"post_tag","embeddable":true,"href":"https:\/\/centers.ulbsibiu.ro\/ccsprise\/lact\/wp-json\/wp\/v2\/tags?post=5916"}],"curies":[{"name":"wp","href":"https:\/\/api.w.org\/{rel}","templated":true}]}}