{"id":5914,"date":"2019-02-08T20:03:50","date_gmt":"2019-02-08T18:03:50","guid":{"rendered":"https:\/\/centers.ulbsibiu.ro\/ccsprise\/lact\/?p=5914"},"modified":"2019-02-08T20:03:50","modified_gmt":"2019-02-08T18:03:50","slug":"infotag-md-expertul-onu-a-constatat-ca-situatia-in-domeniul-drepturilor-omului-in-transnistria-s-a-imbunatatit","status":"publish","type":"post","link":"https:\/\/centers.ulbsibiu.ro\/ccsprise\/lact\/infotag-md-expertul-onu-a-constatat-ca-situatia-in-domeniul-drepturilor-omului-in-transnistria-s-a-imbunatatit\/","title":{"rendered":"Infotag.md &#8211; EXPERTUL ONU A CONSTATAT C\u0102 SITUA\u0162IA \u00ceN DOMENIUL DREPTURILOR OMULUI \u00ceN TRANSNISTRIA S-A \u00ceMBUN\u0102T\u0102\u0162IT"},"content":{"rendered":"<p>Situa\u0163ia \u00een domeniul drepturilor omului \u00een regiunea transnistrean\u0103 a Moldovei din ultimii cinci ani s-a \u00eembun\u0103t\u0103\u0163it datorit\u0103 activit\u0103\u0163ii societ\u0103\u0163ii civile locale, \u00een\u0163elegerii \u015fi con\u015ftientiz\u0103rii acestor drepturi. Potrivit agen\u0163iei INFOTAG, despre aceasta se men\u0163ioneaz\u0103 \u00een raportul expertului ONU de nivel \u00eenalt \u00een domeniul drepturilor omului, Thomas Hammarberg, pe care l-a prezentat mar\u0163i, \u00een cadrul unei conferin\u0163e la Chi\u015fin\u0103u.<br \/>\nReferitor la egalitatea de gen, \u00een raport se men\u0163ioneaz\u0103 c\u0103 femeile se confrunt\u0103 c\u0103 inegalitate \u00een via\u0163a social\u0103, economic\u0103 \u015fi politic\u0103, iar violen\u0163a \u00een familie este \u00eenc\u0103 pe larg r\u0103sp\u00e2ndit\u0103.<br \/>\n\u201eCu toate acestea, se poate observa o cre\u0219tere a gradului de con\u0219tientizare c\u0103 violen\u021ba domestic\u0103 reprezint\u0103 o \u00eenc\u0103lcare a drepturilor omului. Deschiderea unui centru de ad\u0103post temporar pentru supravie\u021buitorii violen\u021bei domestice ofer\u0103 speran\u021ba pentru un progres \u00een prevenirea \u0219i combaterea acestui fenomen\u201d, se arat\u0103 \u00een document.<br \/>\n\u00cen opinia expertului, sunt vizibile schimb\u0103ri \u00een percep\u021bia public\u0103 a drepturilor persoanelor cu dizabilit\u0103\u0163i, iar apari\u021bia unei platforme active a societ\u0103\u021bii civile pentru aceast\u0103 categorie \u0219i ini\u021biativele de succes de cre\u0219tere a accesibilit\u0103\u021bii spa\u021biilor \u0219i \u00eenc\u0103perilor publice sunt l\u0103udabile.<br \/>\nHammarberg sus\u0163ine c\u0103 sunt vizibile \u015fi \u00eembun\u0103t\u0103\u021biri \u00een condi\u0163iile de tratament al HIV \u0219i tuberculozei \u00een \u00eenchisori, iar planurile de consolidare a unit\u0103\u021bilor medicale \u00een cadrul unui penitenciar specializat ofer\u0103 o bun\u0103 oportunitate pentru \u00eembun\u0103t\u0103\u021birea general\u0103 a serviciilor medicale pentru persoanele aflate \u00een deten\u0163ie.<br \/>\nRaportul precizeaz\u0103 c\u0103 situa\u021bia general\u0103 a romilor este extrem de grav\u0103 \u0219i alarmant\u0103. Mul\u021bi romi sunt analfabe\u021bi, nu de\u0163in documente \u0219i tr\u0103iesc \u00een s\u0103r\u0103cie, iar copiii lor sunt marginaliza\u021bi \u00een gr\u0103dini\u021be \u0219i \u0219coli.<br \/>\n\u201eUnele minorit\u0103\u021bi \u0219i cultura lor se afl\u0103 \u00eentr-o situa\u0163ie vulnerabil\u0103 \u0219i se pare c\u0103 au nevoie de sprijin \u0219i protec\u021bie. Femeile din r\u00e2ndul minorit\u0103\u021bilor sunt predispuse \u00een mod deosebit la probleme \u00een acest domeniu. Angaja\u0163ii organelor de drept trebuie s\u0103 fie informa\u0163i cu privire la standardele interna\u021bionale privind drepturile minorit\u0103\u021bilor. Trebui eliminate obstacolele \u00een \u00eenregistrarea sau de re\u00eenregistrarea grupurilor\/comunit\u0103\u021bilor religioase pa\u0219nice\u201d, a spus Hammarberg.<br \/>\nReferitor la contextul politic, expertul a men\u0163ionat c\u0103 \u201enegocierile politice, at\u00e2t bilaterale, c\u00e2t \u0219i \u00een formatul \u201e5+2\u201d, au avansat \u0219i au condus la solu\u021bionarea unor probleme importante privind drepturile omului, men\u021bionate \u00een raportul din 2013, cum ar fi recunoa\u0219terea documentelor de studii \u0219i func\u021bionarea \u0219colilor moldovene\u0219ti cu predare \u00een grafie latin\u0103 \u00een st\u00e2nga Nistrului\u201d.<br \/>\nRaportul a fost elaborat \u00een urma rezultatelor vizitei expertului \u00een Moldova \u00een perioada 28 mai \u2013 1 iunie 2018, \u00een cadrul c\u0103reia el a evaluat punerea \u00een aplicare a recomand\u0103rilor sale enumerate \u00een raportul din 2013.<\/p>\n<p>&nbsp;<\/p>\n<p>Sursa:\u00a0<a href=\"http:\/\/www.infotag.md\/rebelion-ro\/272123\/\">http:\/\/www.infotag.md\/<\/a><\/p>\n","protected":false},"excerpt":{"rendered":"<p>Situa\u0163ia \u00een domeniul drepturilor omului \u00een regiunea transnistrean\u0103 a Moldovei din ultimii cinci ani s-a \u00eembun\u0103t\u0103\u0163it datorit\u0103 activit\u0103\u0163ii societ\u0103\u0163ii civile locale, \u00een\u0163elegerii \u015fi con\u015ftientiz\u0103rii acestor drepturi. Potrivit agen\u0163iei INFOTAG, despre aceasta se men\u0163ioneaz\u0103 \u00een raportul expertului ONU de nivel \u00eenalt \u00een domeniul drepturilor omului, Thomas Hammarberg, pe care l-a prezentat mar\u0163i, \u00een cadrul unei conferin\u0163e&#8230;<\/p>\n","protected":false},"author":2,"featured_media":0,"comment_status":"closed","ping_status":"open","sticky":false,"template":"","format":"standard","meta":[],"categories":[1],"tags":[],"_links":{"self":[{"href":"https:\/\/centers.ulbsibiu.ro\/ccsprise\/lact\/wp-json\/wp\/v2\/posts\/5914"}],"collection":[{"href":"https:\/\/centers.ulbsibiu.ro\/ccsprise\/lact\/wp-json\/wp\/v2\/posts"}],"about":[{"href":"https:\/\/centers.ulbsibiu.ro\/ccsprise\/lact\/wp-json\/wp\/v2\/types\/post"}],"author":[{"embeddable":true,"href":"https:\/\/centers.ulbsibiu.ro\/ccsprise\/lact\/wp-json\/wp\/v2\/users\/2"}],"replies":[{"embeddable":true,"href":"https:\/\/centers.ulbsibiu.ro\/ccsprise\/lact\/wp-json\/wp\/v2\/comments?post=5914"}],"version-history":[{"count":1,"href":"https:\/\/centers.ulbsibiu.ro\/ccsprise\/lact\/wp-json\/wp\/v2\/posts\/5914\/revisions"}],"predecessor-version":[{"id":5915,"href":"https:\/\/centers.ulbsibiu.ro\/ccsprise\/lact\/wp-json\/wp\/v2\/posts\/5914\/revisions\/5915"}],"wp:attachment":[{"href":"https:\/\/centers.ulbsibiu.ro\/ccsprise\/lact\/wp-json\/wp\/v2\/media?parent=5914"}],"wp:term":[{"taxonomy":"category","embeddable":true,"href":"https:\/\/centers.ulbsibiu.ro\/ccsprise\/lact\/wp-json\/wp\/v2\/categories?post=5914"},{"taxonomy":"post_tag","embeddable":true,"href":"https:\/\/centers.ulbsibiu.ro\/ccsprise\/lact\/wp-json\/wp\/v2\/tags?post=5914"}],"curies":[{"name":"wp","href":"https:\/\/api.w.org\/{rel}","templated":true}]}}