{"id":5910,"date":"2019-02-07T23:12:39","date_gmt":"2019-02-07T21:12:39","guid":{"rendered":"https:\/\/centers.ulbsibiu.ro\/ccsprise\/lact\/?p=5910"},"modified":"2019-02-07T23:12:39","modified_gmt":"2019-02-07T21:12:39","slug":"infotag-md-mae-al-transnistriei-a-desfasurat-la-tiraspol-o-intalnire-cu-reprezentantii-mediatorilor-si-observatorilor","status":"publish","type":"post","link":"https:\/\/centers.ulbsibiu.ro\/ccsprise\/lact\/infotag-md-mae-al-transnistriei-a-desfasurat-la-tiraspol-o-intalnire-cu-reprezentantii-mediatorilor-si-observatorilor\/","title":{"rendered":"Infotag.md &#8211; MAE AL TRANSNISTRIEI A DESF\u0102\u015eURAT LA TIRASPOL O \u00ceNT\u00c2LNIRE CU REPREZENTAN\u0162II MEDIATORILOR \u015eI OBSERVATORILOR"},"content":{"rendered":"<p>Ministrul afacerilor externe al autoproclamatei RMN, Vitalii Ignatiev, a prezentat \u00een ajun \u201epozi\u021bia p\u0103r\u021bii transnistrene referitor la o gam\u0103 larg\u0103 de probleme de actualitate legate de rela\u021biile actuale dintre Transnistria \u0219i Moldova\u201d.<br \/>\nPotrivit agen\u0163iei INFOTAG cu referire la site-ul MAE al regiunii, el a vorbit despre aceasta \u00een cadrul unei \u00eent\u00e2lniri cu reprezentan\u021bii mediatorilor \u0219i observatorilor \u00een procesul de negociere \u00een formatul \u201e5+2\u201d.<br \/>\nIgnatiev \u0219i-a exprimat recuno\u0219tin\u021ba fa\u021b\u0103 de partenerii interna\u021bionali pentru \u201eaten\u021bia permanent\u0103 acordat\u0103 procesului de reglementare a rela\u021biilor moldo-transnistrene\u201d, pronun\u0163\u00e2ndu-se pentru \u201emen\u021binerea dinamicii dialogului\u201d, \u00een pofida campaniei electorale din Republica Moldova.<br \/>\nDe asemenea, el a reafirmat angajamentul p\u0103r\u0163ii transnistrene de a rezolva la masa de negocieri \u201eproblemele practice social-umanitare \u00een beneficiul poporului\u201d \u0219i a subliniat necesitatea ca p\u0103r\u021bile s\u0103-\u015fi \u00eendeplineasc\u0103 cu responsabilitate acordurile deja semnate, inclusiv \u00een domeniul telecomunica\u021biilor \u0219i \u00eencet\u0103rii cauzelor penale motivate politic\u201d.<br \/>\nINFOTAG precizeaz\u0103: La reuniune au participat Ambasadorul Slovaciei \u00een RM, Dusan Dacho, consilierul Ambasadei Rusiei \u00een Moldova, Roman Romanov, copre\u0219edintele CUC din partea Rusiei, Ilia Uvarov, \u015feful adjunct al Misiunii SUA \u00een Moldova, Martin McDowell, \u0219eful adjunct al Misiunii OSCE \u00een Moldova, Lajos Karakas, prim-secretarul Ambasadei Ucrainei \u00een RM, Serghei Jivciuk, \u0219i consilier politic al Delega\u021biei UE \u00een Moldova, Olga Beinarovica.<br \/>\n\u00cen comunicatul MAE nu se men\u0163ioneaz\u0103 nimic despre \u201epozi\u021bia exprimat\u0103\u201d a Tiraspolului. Cel mai probabil, s-a discutat despre deschiderea la Moscova a \u201ereprezentan\u0163ei oficiale a RMN \u00een Federa\u021bia Rus\u0103\u201c \u0219i despre declara\u0163ia liderului de la Tiraspol precum c\u0103 mai multe sate moldovene\u015fti (Doro\u021bcaia, Co\u0219ni\u021ba, Pohrebea, P\u00eer\u00eeta, Cocieri, Molovata Nou\u0103, Vasilevca, Varni\u0163a) \u201ese afl\u0103 temporar sub controlul Moldovei\u201d. Autorit\u0103\u021bile moldovene\u0219ti calific\u0103 acest lucru drept \u201eo provocare la adresa tuturor partenerilor interna\u0163ionali implica\u0163i \u00een procesul de negocieri privind reglementarea transnistrean\u0103, care este de natur\u0103 s\u0103 destabilizeze situa\u0163ia \u00een Zona de securitate \u015fi s\u0103 creeze noi tensiuni \u00eentre cele dou\u0103 maluri ale Nistrului\u201d.<\/p>\n<p>Sursa:\u00a0<a href=\"http:\/\/www.infotag.md\/rebelion-ro\/272175\/\">http:\/\/www.infotag.md\/<\/a><\/p>\n","protected":false},"excerpt":{"rendered":"<p>Ministrul afacerilor externe al autoproclamatei RMN, Vitalii Ignatiev, a prezentat \u00een ajun \u201epozi\u021bia p\u0103r\u021bii transnistrene referitor la o gam\u0103 larg\u0103 de probleme de actualitate legate de rela\u021biile actuale dintre Transnistria \u0219i Moldova\u201d. Potrivit agen\u0163iei INFOTAG cu referire la site-ul MAE al regiunii, el a vorbit despre aceasta \u00een cadrul unei \u00eent\u00e2lniri cu reprezentan\u021bii mediatorilor \u0219i&#8230;<\/p>\n","protected":false},"author":2,"featured_media":0,"comment_status":"closed","ping_status":"open","sticky":false,"template":"","format":"standard","meta":[],"categories":[1],"tags":[],"_links":{"self":[{"href":"https:\/\/centers.ulbsibiu.ro\/ccsprise\/lact\/wp-json\/wp\/v2\/posts\/5910"}],"collection":[{"href":"https:\/\/centers.ulbsibiu.ro\/ccsprise\/lact\/wp-json\/wp\/v2\/posts"}],"about":[{"href":"https:\/\/centers.ulbsibiu.ro\/ccsprise\/lact\/wp-json\/wp\/v2\/types\/post"}],"author":[{"embeddable":true,"href":"https:\/\/centers.ulbsibiu.ro\/ccsprise\/lact\/wp-json\/wp\/v2\/users\/2"}],"replies":[{"embeddable":true,"href":"https:\/\/centers.ulbsibiu.ro\/ccsprise\/lact\/wp-json\/wp\/v2\/comments?post=5910"}],"version-history":[{"count":1,"href":"https:\/\/centers.ulbsibiu.ro\/ccsprise\/lact\/wp-json\/wp\/v2\/posts\/5910\/revisions"}],"predecessor-version":[{"id":5911,"href":"https:\/\/centers.ulbsibiu.ro\/ccsprise\/lact\/wp-json\/wp\/v2\/posts\/5910\/revisions\/5911"}],"wp:attachment":[{"href":"https:\/\/centers.ulbsibiu.ro\/ccsprise\/lact\/wp-json\/wp\/v2\/media?parent=5910"}],"wp:term":[{"taxonomy":"category","embeddable":true,"href":"https:\/\/centers.ulbsibiu.ro\/ccsprise\/lact\/wp-json\/wp\/v2\/categories?post=5910"},{"taxonomy":"post_tag","embeddable":true,"href":"https:\/\/centers.ulbsibiu.ro\/ccsprise\/lact\/wp-json\/wp\/v2\/tags?post=5910"}],"curies":[{"name":"wp","href":"https:\/\/api.w.org\/{rel}","templated":true}]}}