{"id":5908,"date":"2019-02-07T23:08:49","date_gmt":"2019-02-07T21:08:49","guid":{"rendered":"https:\/\/centers.ulbsibiu.ro\/ccsprise\/lact\/?p=5908"},"modified":"2019-02-07T23:08:49","modified_gmt":"2019-02-07T21:08:49","slug":"gov-md-la-tiraspol-s-a-desfasurat-sedinta-grupurilor-de-lucru-pentru-probleme-vamale","status":"publish","type":"post","link":"https:\/\/centers.ulbsibiu.ro\/ccsprise\/lact\/gov-md-la-tiraspol-s-a-desfasurat-sedinta-grupurilor-de-lucru-pentru-probleme-vamale\/","title":{"rendered":"Gov.md &#8211; La Tiraspol s-a desf\u0103\u015furat \u0219edin\u021ba grupurilor de lucru pentru probleme vamale"},"content":{"rendered":"<p>Ast\u0103zi, 06 februarie curent, \u00een incinta sediului Misiunii OSCE din or. Tiraspol, s-a desf\u0103\u0219urat prima din acest an reuniune a grupurilor de lucru pentru probleme vamale. Delega\u021bia din partea Chi\u0219in\u0103ului a fost condus\u0103 de c\u0103tre dl Vladislav \u0218ve\u021b, \u0219ef de direc\u021bie din cadrul Serviciului Vamal.<br \/>\n\u00cen cadrul \u0219edin\u021bei exper\u021bii de la Chi\u0219in\u0103u au abordat o serie de probleme actuale \u0219i care necesit\u0103 o solu\u021bionare viabil\u0103, precum ar fi: excluderea de c\u0103tre partea transnistrean\u0103 a a\u0219a-numitelor pl\u0103\u021bi pentru escortarea autocamioanelor ce transport\u0103 m\u0103rfuri \u0219i se deplaseaz\u0103 prin localit\u0103\u021bile din st\u00e2nga Nistrului, acceptarea utiliz\u0103rii necondi\u021bionate \u00een regiune a documentelor de tranzit interna\u021bional (carnete TIR \u0219i ATA etc), uniformizarea \u0219i aplicarea taxelor vamale \u00een corespundere cu cerin\u021bele legisla\u021biei na\u021bionale \u00een vigoare, asigurarea liberei circula\u021bii prin regiune pentru func\u021bionarii vamali ai Republicii Moldova \u0219i a accesului acestora la companiile exportatoare\/ reexportatoare de m\u0103rfuri din raioanele de est ale \u021b\u0103rii, precum \u0219i alte subiecte ce \u021bin de domeniul vizat.<br \/>\n\u00centr-o manier\u0103 uzual\u0103 deja, delega\u021bia de la Tiraspol a reiterat \u00eengrijorarea \u00een leg\u0103tur\u0103 cu avansarea procesului de organizare a controlului \u00een comun pe segmentul central al frontierei de stat moldo-ucrainene, partea moldoveneasc\u0103 relev\u00e2nd c\u0103 dinamica respectiv\u0103 va reie\u0219i din angajamentele asumate la nivelul autorit\u0103\u021bilor de profil ale Ucrainei \u0219i ale Republicii Moldova.<br \/>\nDialogul pe marginea problemelor de actualitate din sfera vamal\u0103 va continua la urm\u0103toarea \u0219edin\u021b\u0103 a grupurilor de lucru sectoriale.<\/p>\n<p>Sursa:\u00a0<a href=\"https:\/\/gov.md\/ro\/content\/la-tiraspol-s-desfasurat-sedinta-grupurilor-de-lucru-pentru-probleme-vamale\">https:\/\/gov.md\/<\/a><\/p>\n","protected":false},"excerpt":{"rendered":"<p>Ast\u0103zi, 06 februarie curent, \u00een incinta sediului Misiunii OSCE din or. Tiraspol, s-a desf\u0103\u0219urat prima din acest an reuniune a grupurilor de lucru pentru probleme vamale. Delega\u021bia din partea Chi\u0219in\u0103ului a fost condus\u0103 de c\u0103tre dl Vladislav \u0218ve\u021b, \u0219ef de direc\u021bie din cadrul Serviciului Vamal. \u00cen cadrul \u0219edin\u021bei exper\u021bii de la Chi\u0219in\u0103u au abordat o&#8230;<\/p>\n","protected":false},"author":2,"featured_media":0,"comment_status":"closed","ping_status":"open","sticky":false,"template":"","format":"standard","meta":[],"categories":[1],"tags":[],"_links":{"self":[{"href":"https:\/\/centers.ulbsibiu.ro\/ccsprise\/lact\/wp-json\/wp\/v2\/posts\/5908"}],"collection":[{"href":"https:\/\/centers.ulbsibiu.ro\/ccsprise\/lact\/wp-json\/wp\/v2\/posts"}],"about":[{"href":"https:\/\/centers.ulbsibiu.ro\/ccsprise\/lact\/wp-json\/wp\/v2\/types\/post"}],"author":[{"embeddable":true,"href":"https:\/\/centers.ulbsibiu.ro\/ccsprise\/lact\/wp-json\/wp\/v2\/users\/2"}],"replies":[{"embeddable":true,"href":"https:\/\/centers.ulbsibiu.ro\/ccsprise\/lact\/wp-json\/wp\/v2\/comments?post=5908"}],"version-history":[{"count":1,"href":"https:\/\/centers.ulbsibiu.ro\/ccsprise\/lact\/wp-json\/wp\/v2\/posts\/5908\/revisions"}],"predecessor-version":[{"id":5909,"href":"https:\/\/centers.ulbsibiu.ro\/ccsprise\/lact\/wp-json\/wp\/v2\/posts\/5908\/revisions\/5909"}],"wp:attachment":[{"href":"https:\/\/centers.ulbsibiu.ro\/ccsprise\/lact\/wp-json\/wp\/v2\/media?parent=5908"}],"wp:term":[{"taxonomy":"category","embeddable":true,"href":"https:\/\/centers.ulbsibiu.ro\/ccsprise\/lact\/wp-json\/wp\/v2\/categories?post=5908"},{"taxonomy":"post_tag","embeddable":true,"href":"https:\/\/centers.ulbsibiu.ro\/ccsprise\/lact\/wp-json\/wp\/v2\/tags?post=5908"}],"curies":[{"name":"wp","href":"https:\/\/api.w.org\/{rel}","templated":true}]}}