{"id":5906,"date":"2019-02-07T23:03:01","date_gmt":"2019-02-07T21:03:01","guid":{"rendered":"https:\/\/centers.ulbsibiu.ro\/ccsprise\/lact\/?p=5906"},"modified":"2019-02-07T23:03:01","modified_gmt":"2019-02-07T21:03:01","slug":"epochtimes-romania-com-expert-onu-agentii-de-securitate-de-la-tiraspol-intimideaza-reprezentantii-ong-urilor-active","status":"publish","type":"post","link":"https:\/\/centers.ulbsibiu.ro\/ccsprise\/lact\/epochtimes-romania-com-expert-onu-agentii-de-securitate-de-la-tiraspol-intimideaza-reprezentantii-ong-urilor-active\/","title":{"rendered":"Epochtimes-romania.com: Expert ONU: Agen\u0163ii de securitate de la Tiraspol intimideaz\u0103 reprezentan\u0163ii ONG-urilor active"},"content":{"rendered":"<p><span style=\"display: inline !important; float: none; background-color: transparent; color: #333333; font-family: 'Georgia'; font-size: 16px; font-style: normal; font-variant: normal; font-weight: 400; letter-spacing: normal; orphans: 2; text-align: left; text-decoration: none; text-indent: 0px; text-transform: none; -webkit-text-stroke-width: 0px; white-space: normal; word-spacing: 0px;\">\u015etefan S\u00e2rbu<\/span><\/p>\n<p>Autorit\u0103\u0163ile din Transnistria \u00eencalc\u0103 standardele interna\u0163ionale \u00een domeniul drepturilor omului, constat\u0103 expertul ONU Thomas Hammarberg \u00een urma unei vizite de investiga\u0163ie la Tiraspol.<\/p>\n<p>Expertul ONU Thomas Hammarberg a afirmat c\u0103 este \u00eengrijorat de amendamentele \u201elegislative\u201d care limiteaz\u0103 activit\u0103\u0163ile organiza\u0163iilor necomerciale din Transnistria \u015fi de intimidarea acestora de c\u0103tre agen\u0163ii de securitate din regiune.<br \/>\nExpertul a \u00eendemnat regimul de la Tiraspol s\u0103 revizuiasc\u0103 dispozi\u0163iile pretins legale care intimideaz\u0103 societatea civil\u0103 \u015fi limiteaz\u0103 activismul \u00een promovarea drepturilor omului \u00eencet\u00e2nd practica \u201ediscu\u0163iilor\u201d de rutin\u0103 a \u201eagen\u0163ilor de securitate\u201d cu reprezentan\u0163ii ONG-urilor active.<br \/>\nPotrivit Raportului de evaluare a progresului la implementarea recomand\u0103rilor sale din 2013 privind respectarea drepturilor omului, Thomas Hammarberg a constatat c\u0103 aplicarea excesiv\u0103 a arestului preventiv \u015fi condi\u0163iile \u00een care se afl\u0103 persoanele de\u0163inute r\u0103m\u00e2n a fi o \u00eengrijorare serioas\u0103.<br \/>\n\u00cen a\u015fa-numitele izolatoare de deten\u0163ie preventiv\u0103 de la Tiraspol celulele sunt mici, plasate \u00een subsol, practic f\u0103r\u0103 acces la lumina zilei, mai multe celule nu au paturi corespunz\u0103toare, iar condi\u0163iile sanitare sunt \u00eengrozitoare, ceea ce demonstreaz\u0103 \u00een opinia expertului, nerespectarea standardelor interna\u0163ionale \u00een domeniul drepturilor omului.<br \/>\n\u00cen context, expertul a aten\u0163ionat \u015fi despre continua violare a drepturilor proprietarilor de terenuri amplasate dup\u0103 traseul R\u00e2bni\u0163a-Tiraspol. Pe parcursul vizitei sale de monitorizare \u00een Transnistria, acesta a primit mai multe pl\u00e2ngeri \u00een ceea ce prive\u015fte lipsa desp\u0103gubirilor \u015fi remediilor pentru ilegalit\u0103\u0163ile comise de regimul de la Tiraspol \u00eempotriva proprietarilor.<br \/>\nThomas Hammarberg a solicitat s\u0103 fie luate m\u0103suri pentru ca proprietarii de terenuri s\u0103 se simt\u0103 proteja\u0163i \u015fi s\u0103 fie trata\u0163i corect de c\u0103tre administra\u0163ia de la Tiraspol iar gre\u015felile din trecut s\u0103 fie reparate, f\u0103c\u00e2ndu-se justi\u0163ie \u00een cazurile de confiscare abuziv\u0103 a terenurilor.<\/p>\n<p>Sursa:\u00a0<a href=\"http:\/\/epochtimes-romania.com\/news\/expert-onu-agentii-de-securitate-de-la-tiraspol-intimideaza-reprezentantii-ong-urilor-active---283869?fbclid=IwAR0shfmHzjOqVjQQLQidFH4CyK0ZHnq3YODZZa_mg3GDNPx-1Ujvnvd19FM\">http:\/\/epochtimes-romania.com\/<\/a><\/p>\n","protected":false},"excerpt":{"rendered":"<p>\u015etefan S\u00e2rbu Autorit\u0103\u0163ile din Transnistria \u00eencalc\u0103 standardele interna\u0163ionale \u00een domeniul drepturilor omului, constat\u0103 expertul ONU Thomas Hammarberg \u00een urma unei vizite de investiga\u0163ie la Tiraspol. Expertul ONU Thomas Hammarberg a afirmat c\u0103 este \u00eengrijorat de amendamentele \u201elegislative\u201d care limiteaz\u0103 activit\u0103\u0163ile organiza\u0163iilor necomerciale din Transnistria \u015fi de intimidarea acestora de c\u0103tre agen\u0163ii de securitate din regiune&#8230;.<\/p>\n","protected":false},"author":2,"featured_media":0,"comment_status":"closed","ping_status":"open","sticky":false,"template":"","format":"standard","meta":[],"categories":[1],"tags":[],"_links":{"self":[{"href":"https:\/\/centers.ulbsibiu.ro\/ccsprise\/lact\/wp-json\/wp\/v2\/posts\/5906"}],"collection":[{"href":"https:\/\/centers.ulbsibiu.ro\/ccsprise\/lact\/wp-json\/wp\/v2\/posts"}],"about":[{"href":"https:\/\/centers.ulbsibiu.ro\/ccsprise\/lact\/wp-json\/wp\/v2\/types\/post"}],"author":[{"embeddable":true,"href":"https:\/\/centers.ulbsibiu.ro\/ccsprise\/lact\/wp-json\/wp\/v2\/users\/2"}],"replies":[{"embeddable":true,"href":"https:\/\/centers.ulbsibiu.ro\/ccsprise\/lact\/wp-json\/wp\/v2\/comments?post=5906"}],"version-history":[{"count":1,"href":"https:\/\/centers.ulbsibiu.ro\/ccsprise\/lact\/wp-json\/wp\/v2\/posts\/5906\/revisions"}],"predecessor-version":[{"id":5907,"href":"https:\/\/centers.ulbsibiu.ro\/ccsprise\/lact\/wp-json\/wp\/v2\/posts\/5906\/revisions\/5907"}],"wp:attachment":[{"href":"https:\/\/centers.ulbsibiu.ro\/ccsprise\/lact\/wp-json\/wp\/v2\/media?parent=5906"}],"wp:term":[{"taxonomy":"category","embeddable":true,"href":"https:\/\/centers.ulbsibiu.ro\/ccsprise\/lact\/wp-json\/wp\/v2\/categories?post=5906"},{"taxonomy":"post_tag","embeddable":true,"href":"https:\/\/centers.ulbsibiu.ro\/ccsprise\/lact\/wp-json\/wp\/v2\/tags?post=5906"}],"curies":[{"name":"wp","href":"https:\/\/api.w.org\/{rel}","templated":true}]}}