{"id":5904,"date":"2019-02-07T22:59:15","date_gmt":"2019-02-07T20:59:15","guid":{"rendered":"https:\/\/centers.ulbsibiu.ro\/ccsprise\/lact\/?p=5904"},"modified":"2019-02-07T22:59:15","modified_gmt":"2019-02-07T20:59:15","slug":"noi-md-declaratie-moscova-are-un-singur-interes-real-in-moldova","status":"publish","type":"post","link":"https:\/\/centers.ulbsibiu.ro\/ccsprise\/lact\/noi-md-declaratie-moscova-are-un-singur-interes-real-in-moldova\/","title":{"rendered":"Noi.md &#8211; Declara\u021bie: Moscova are un singur interes real \u00een Moldova"},"content":{"rendered":"<p>Moscova are un singur interes real \u00een Moldova, acesta este Transnistria \u0219i protec\u021bia oamenilor care tr\u0103iesc acolo.<\/p>\n<p>Acest punct de vedere a fost exprimat de \u0219eful reprezentan\u021bei TASS din Moldova, Valerii Demide\u021bchi, care a vorbit \u00een cadrul emisiunii &#8220;\u00centrebarea principal\u0103&#8221; cu Iulia Feodorova pe NTV-Moldova, raporteaz\u0103 Noi.md.&#8221;<\/p>\n<p>Moscova are un singur interes real \u00een Moldova &#8211; o valiz\u0103 f\u0103r\u0103 m\u00eener, cu numele de Transnistria, pe care ru\u0219ii, s\u0103racii, \u00eel trag de la \u00eenceputul anilor 90 ai secolului trecut&#8221;, a spus Valerii Demide\u021bchi.<\/p>\n<p>El a men\u021bionat c\u0103 orice pre\u0219edinte rus care va declara c\u0103 renun\u021b\u0103 la Transnistria va fi imediat acuzat de tr\u0103dare a Transnistriei \u0219i a intereselor Rusiei.&#8221;De aceea, cei din Rusia au nevoie ast\u0103zi s\u0103 ata\u0219eze aceast\u0103 Transnistrie Moldovei, dar \u00eentr-un asemenea mod, \u00eenc\u00eet nimeni \u0219i niciodat\u0103 s\u0103 nu poat\u0103 sufoca oamenii de acolo&#8221;, a spus \u0219eful reprezentan\u021bei TASS \u00een Moldova.<\/p>\n<p>Cite\u0219te mai mult:\u00a0<a href=\"https:\/\/noi.md\/md\/politica\/declaratie-moscova-are-un-singur-interes-real-in-moldova?fbclid=IwAR2fEL1UWm0LPyL_OlpemoiBSNu2PUmsbjghxOaastzhiaOcRuo0lJ6PV8s\">https:\/\/noi.md\/<\/a><br \/>\nFacebook: NOI.md | Odnoklassniki: Noi.Moldova<\/p>\n","protected":false},"excerpt":{"rendered":"<p>Moscova are un singur interes real \u00een Moldova, acesta este Transnistria \u0219i protec\u021bia oamenilor care tr\u0103iesc acolo. Acest punct de vedere a fost exprimat de \u0219eful reprezentan\u021bei TASS din Moldova, Valerii Demide\u021bchi, care a vorbit \u00een cadrul emisiunii &#8220;\u00centrebarea principal\u0103&#8221; cu Iulia Feodorova pe NTV-Moldova, raporteaz\u0103 Noi.md.&#8221; Moscova are un singur interes real \u00een Moldova&#8230;<\/p>\n","protected":false},"author":2,"featured_media":0,"comment_status":"closed","ping_status":"open","sticky":false,"template":"","format":"standard","meta":[],"categories":[1],"tags":[],"_links":{"self":[{"href":"https:\/\/centers.ulbsibiu.ro\/ccsprise\/lact\/wp-json\/wp\/v2\/posts\/5904"}],"collection":[{"href":"https:\/\/centers.ulbsibiu.ro\/ccsprise\/lact\/wp-json\/wp\/v2\/posts"}],"about":[{"href":"https:\/\/centers.ulbsibiu.ro\/ccsprise\/lact\/wp-json\/wp\/v2\/types\/post"}],"author":[{"embeddable":true,"href":"https:\/\/centers.ulbsibiu.ro\/ccsprise\/lact\/wp-json\/wp\/v2\/users\/2"}],"replies":[{"embeddable":true,"href":"https:\/\/centers.ulbsibiu.ro\/ccsprise\/lact\/wp-json\/wp\/v2\/comments?post=5904"}],"version-history":[{"count":1,"href":"https:\/\/centers.ulbsibiu.ro\/ccsprise\/lact\/wp-json\/wp\/v2\/posts\/5904\/revisions"}],"predecessor-version":[{"id":5905,"href":"https:\/\/centers.ulbsibiu.ro\/ccsprise\/lact\/wp-json\/wp\/v2\/posts\/5904\/revisions\/5905"}],"wp:attachment":[{"href":"https:\/\/centers.ulbsibiu.ro\/ccsprise\/lact\/wp-json\/wp\/v2\/media?parent=5904"}],"wp:term":[{"taxonomy":"category","embeddable":true,"href":"https:\/\/centers.ulbsibiu.ro\/ccsprise\/lact\/wp-json\/wp\/v2\/categories?post=5904"},{"taxonomy":"post_tag","embeddable":true,"href":"https:\/\/centers.ulbsibiu.ro\/ccsprise\/lact\/wp-json\/wp\/v2\/tags?post=5904"}],"curies":[{"name":"wp","href":"https:\/\/api.w.org\/{rel}","templated":true}]}}