{"id":5902,"date":"2019-02-05T19:29:49","date_gmt":"2019-02-05T17:29:49","guid":{"rendered":"https:\/\/centers.ulbsibiu.ro\/ccsprise\/lact\/?p=5902"},"modified":"2019-02-05T19:29:49","modified_gmt":"2019-02-05T17:29:49","slug":"infotag-md-andrian-candu-considera-ca-va-fi-posibil-sa-se-convina-asupra-acordarii-statutului-de-autonomie-pentru-transnistria","status":"publish","type":"post","link":"https:\/\/centers.ulbsibiu.ro\/ccsprise\/lact\/infotag-md-andrian-candu-considera-ca-va-fi-posibil-sa-se-convina-asupra-acordarii-statutului-de-autonomie-pentru-transnistria\/","title":{"rendered":"Infotag.md &#8211; ANDRIAN CANDU CONSIDER\u0102 C\u0102 VA FI POSIBIL S\u0102 SE CONVIN\u0102 ASUPRA ACORD\u0102RII STATUTULUI DE AUTONOMIE PENTRU TRANSNISTRIA"},"content":{"rendered":"<p>Vicepre\u015fedintele Partidului Democrat, Andrian Candu, este convins c\u0103, \u201e\u00eentr-o zi \u2013 de\u0219i, din p\u0103cate, nu m\u00e2ine \u0219i se pare c\u0103 nici \u00een viitorul apropiat \u2013 \u00een perspectiv\u0103 pe termen mediu, va fi posibil s\u0103 se convin\u0103 asupra revenirii Transnistriei \u00een statutul de autonomie \u0219i asupra lans\u0103rii reintegr\u0103rii Moldovei\u201d.<\/p>\n<p>Potrivit agen\u021biei INFOTAG, despre aceasta el a declarat \u00eentr-un interviu pentru publica\u0163ia ucrainean\u0103 \u201eAdev\u0103rul european\u201d, men\u0163ion\u00e2nd c\u0103 despre reintegrare se va putea discuta, dac\u0103 Rusia va primi garan\u0163ii c\u0103 Moldova nu va adera la NATO, precum \u015fi garan\u0163ii c\u0103 Moldova nu se va uni cu Rom\u00e2nia \u015fi c\u0103 popula\u0163ia rus\u0103 nu va fi lipsit\u0103 de drepturile ce garanteaz\u0103 minorit\u0103\u0163ilor standardele interna\u0163ionale\u201d.<\/p>\n<p>\u201eAtunci vom putea ajunge la un acord cu privire la misiunea interna\u021bional\u0103 de men\u021binere a p\u0103cii \u00een Transnistria, dar nu una rus\u0103, cu privire la evacuarea (sau lichidarea) imensului depozit de arme situat acolo. \u00cen acela\u0219i timp, noi vom oferi Transnistriei cea mai larg\u0103 autonomie posibil\u0103 \u2013 chiar mai larg\u0103 dec\u00e2t cea pe care o are G\u0103g\u0103uzia. \u0218i dac\u0103 acest acord prime\u0219te binecuv\u00e2ntarea interna\u021bional\u0103, dac\u0103 este sus\u021binut de actori interna\u021bionali majori, problema transnistrean\u0103 va fi rezolvat\u0103\u201d, a spus Candu.<\/p>\n<p>\u00cen acela\u0219i timp, el a respins orice discu\u021bie despre avansarea \u00een UE, deoarece \u201ecu siguran\u021b\u0103, acesta este viitorul Republicii Moldova\u201d.<\/p>\n<p>\u201eNu poate exista compromisuri \u00een aceast\u0103 chestiune. Acesta nu este pre\u021bul reintegr\u0103rii Republicii Moldova care poate fi discutat. Dac\u0103 se dovede\u0219te c\u0103 pre\u021bul \u00eenseamn\u0103 renun\u0163area la integrarea european\u0103, atunci r\u0103spunsul nostru va fi \u201enu\u201d, noi nu suntem gata s\u0103 pl\u0103tim un astfel de pre\u021b\u201d, a spus pre\u0219edintele Parlamentului.<\/p>\n<p>El a men\u0163ionat c\u0103 Moscova pur \u0219i simplu nu are dreptul s\u0103 cear\u0103 de la Chi\u0219in\u0103u datoria de 7 miliarde de dolari c\u0103tre Federa\u021bia Rus\u0103, acumulat\u0103 de Transnistria pentru gaze.<\/p>\n<p>\u201e\u00cen primul r\u00e2nd, aceasta nu este datoria guvernului Moldovei, ci datoria societ\u0103\u021bii comerciale \u201eMoldovagaz\u201d, unde dou\u0103 treimi din ac\u021biuni sunt gestionate de Moscova. \u00cen al doilea r\u00e2nd, dac\u0103 Rusia ne va cere \u00eentr-o zi s\u0103 pl\u0103tim aceast\u0103 datorie, putem \u00eenainta \u015fi noi o cerin\u0163\u0103: compensa\u0163ii financiare pentru prezen\u021ba Federa\u021biei Ruse \u00een Transnistria \u0219i pentru ocuparea a 11% din teritoriul Republicii Moldova. Desigur, se pune \u00eentrebarea: c\u00e2t cost\u0103 acest lucru, dar nu e o problem\u0103, vom g\u0103si o companie interna\u021bional\u0103 care va face o astfel de evaluare \u0219i vom stabili un echilibru, cine \u015fi cui trebuie s\u0103 pl\u0103teasc\u0103 \u00een cele din urm\u0103\u201d, a promis speakerul.<\/p>\n<p>Potrivit lui, odat\u0103 cu finalizarea gazoductului Ungheni-Chi\u0219in\u0103u pentru aprovizionarea cu gaze din Rom\u00e2nia, \u00een rela\u021biile de gaz ale Republicii Moldova cu Federa\u021bia Rus\u0103 \u201evor fi multe schimb\u0103ri\u201d .<\/p>\n<p>\u201eAcesta urmeaz\u0103 a fi dat \u00een exploatare la sf\u00e2r\u0219itul acestui an sau la \u00eenceputul anului urm\u0103tor. C\u00e2nd acest lucru se va \u00eent\u00e2mpla, ve\u021bi vedea o schimbare complet\u0103 a politicilor, declara\u021biilor, tonalit\u0103\u021bii \u00een rela\u021biile Guvernului Moldovei cu Federa\u021bia Rus\u0103 privind aprovizionarea cu gaze\u201d, a spus Candu.<\/p>\n<p>Vorbind despre Pre\u0219edinte, el a men\u021bionat c\u0103 Dodon \u00een Moldova \u201eare voce, dar nu are m\u00e2ini\u201d.<\/p>\n<p>\u201eConform Constitu\u021biei, func\u0163ia sa este pur simbolic\u0103, deci nu trebuie s\u0103 ne facem griji \u00een privin\u0163a declara\u021biilor sale. Da, el zboar\u0103 la Moscova sau \u00een alt\u0103 parte. Nu demult, el a spus c\u0103 Moldova devine observator \u00een cadrul UEEA. I-am declarat atunci: uita\u0163i de a\u015fa ceva. Nu Dodon decide cine \u015fi unde trebuie s\u0103 fie Moldova. Deciziile \u00een \u021bara noastr\u0103 sunt luate de Guvern \u0219i Parlament. Nu-i atrage\u0163i aten\u021bie lui Dodon\u201d, a spus Candu.<\/p>\n<p>Sursa:\u00a0<a href=\"http:\/\/www.infotag.md\/rebelion-ro\/272074\/\">http:\/\/www.infotag.md\/<\/a><\/p>\n","protected":false},"excerpt":{"rendered":"<p>Vicepre\u015fedintele Partidului Democrat, Andrian Candu, este convins c\u0103, \u201e\u00eentr-o zi \u2013 de\u0219i, din p\u0103cate, nu m\u00e2ine \u0219i se pare c\u0103 nici \u00een viitorul apropiat \u2013 \u00een perspectiv\u0103 pe termen mediu, va fi posibil s\u0103 se convin\u0103 asupra revenirii Transnistriei \u00een statutul de autonomie \u0219i asupra lans\u0103rii reintegr\u0103rii Moldovei\u201d. Potrivit agen\u021biei INFOTAG, despre aceasta el a&#8230;<\/p>\n","protected":false},"author":2,"featured_media":0,"comment_status":"closed","ping_status":"open","sticky":false,"template":"","format":"standard","meta":[],"categories":[1],"tags":[],"_links":{"self":[{"href":"https:\/\/centers.ulbsibiu.ro\/ccsprise\/lact\/wp-json\/wp\/v2\/posts\/5902"}],"collection":[{"href":"https:\/\/centers.ulbsibiu.ro\/ccsprise\/lact\/wp-json\/wp\/v2\/posts"}],"about":[{"href":"https:\/\/centers.ulbsibiu.ro\/ccsprise\/lact\/wp-json\/wp\/v2\/types\/post"}],"author":[{"embeddable":true,"href":"https:\/\/centers.ulbsibiu.ro\/ccsprise\/lact\/wp-json\/wp\/v2\/users\/2"}],"replies":[{"embeddable":true,"href":"https:\/\/centers.ulbsibiu.ro\/ccsprise\/lact\/wp-json\/wp\/v2\/comments?post=5902"}],"version-history":[{"count":1,"href":"https:\/\/centers.ulbsibiu.ro\/ccsprise\/lact\/wp-json\/wp\/v2\/posts\/5902\/revisions"}],"predecessor-version":[{"id":5903,"href":"https:\/\/centers.ulbsibiu.ro\/ccsprise\/lact\/wp-json\/wp\/v2\/posts\/5902\/revisions\/5903"}],"wp:attachment":[{"href":"https:\/\/centers.ulbsibiu.ro\/ccsprise\/lact\/wp-json\/wp\/v2\/media?parent=5902"}],"wp:term":[{"taxonomy":"category","embeddable":true,"href":"https:\/\/centers.ulbsibiu.ro\/ccsprise\/lact\/wp-json\/wp\/v2\/categories?post=5902"},{"taxonomy":"post_tag","embeddable":true,"href":"https:\/\/centers.ulbsibiu.ro\/ccsprise\/lact\/wp-json\/wp\/v2\/tags?post=5902"}],"curies":[{"name":"wp","href":"https:\/\/api.w.org\/{rel}","templated":true}]}}