{"id":5900,"date":"2019-02-04T18:37:35","date_gmt":"2019-02-04T16:37:35","guid":{"rendered":"https:\/\/centers.ulbsibiu.ro\/ccsprise\/lact\/?p=5900"},"modified":"2020-06-12T12:06:50","modified_gmt":"2020-06-12T10:06:50","slug":"europalibera-org-anatolie-golea-nu-vad-premise-pentru-declansarea-unui-conflict-situatia-este-relativ-stabila","status":"publish","type":"post","link":"https:\/\/centers.ulbsibiu.ro\/ccsprise\/lact\/europalibera-org-anatolie-golea-nu-vad-premise-pentru-declansarea-unui-conflict-situatia-este-relativ-stabila\/","title":{"rendered":"Europalibera.org &#8211; Anatolie Golea: \u201eNu v\u0103d premise pentru declan\u0219area unui conflict. Situa\u021bia este relativ stabil\u0103\u201d"},"content":{"rendered":"<ul class=\"links__list links__list--column\">\n<li class=\"links__item\"><a class=\"links__item-link\" title=\"Liliana Barb\u0103ro\u0219ie\" href=\"https:\/\/moldova.europalibera.org\/author\/20469.html\">Liliana Barb\u0103ro\u0219ie<\/a><\/li>\n<\/ul>\n<p><i><span style=\"color: #1f2124; font-size: large;\">Diploma\u0163ia moldovean\u0103 a avut s\u0103pt\u0103m\u00e2na trecut\u0103 mai mult\u0103 treab\u0103 ca de obicei: s-a v\u0103zut nevoit\u0103 s\u0103 reac\u0163ioneze, pe toate \u201efronturile\u201d posibile, la un a\u015fa zis \u201edecret\u201d al liderului administra\u0163iei de la Tiraspol, Vadim Krasnoselski, prin care Tiraspolul pare s\u0103 \u00eencerce s\u0103 dispute cu Chi\u015fin\u0103ul controlul asupra satului Varni\u021ba din zona de securitate. S-a reac\u0163ionat destul de puternic \u015fi la anun\u0163ul despre deschiderea a ceea ce Tiraspolul nume\u0219te \u201ereprezentan\u021b\u0103 oficial\u0103 a Transnistriei la Moscova\u201d, iar Rusia calific\u0103 drept \u201eorganiza\u021bie non-profit pentru dezvoltarea leg\u0103turilor cu Moscova\u201d. De ce, tocmai acum, aceste eforturi ale Tiraspolului de a se \u00eent\u00e2ri pe pozi\u0163ii, eforturi numite \u201eprovoc\u0103ri\u201d de diploma\u0163ia moldoveneasc\u0103? Discut\u0103m la tem\u0103 cu jurnalistul de la Chi\u015fin\u0103u, Anatolie Golea, fost consilier preziden\u0163ial<\/span><\/i><span style=\"display: inline !important; float: none; background-color: transparent; color: #1f2124; font-family: 'Skolar-Light_Cyr-Ltn',Georgia,Times,'Times New Roman',serif; font-size: 18px; font-style: normal; font-variant: normal; font-weight: 400; letter-spacing: normal; orphans: 2; text-align: left; text-decoration: none; text-indent: 0px; text-transform: none; -webkit-text-stroke-width: 0px; white-space: normal; word-spacing: 0px;\">.<\/span><\/p>\n<p><strong>Anatolie Golea<\/strong><strong>:<\/strong> \u201eDac\u0103 sincer, eu n-am v\u0103zut mare noutate \u00een acest decret al lui Vadim Krasnoselski. Conflictul este de ani buni, adic\u0103 de vreo 20 de ani Varni\u021ba, Corjeva, \u00eenc\u0103 c\u00e2teva localit\u0103\u021bi au o subordonare dubl\u0103. Aceea\u0219i localitate Corjeva este considerat\u0103 de drept un sat \u00een subordonarea Chi\u0219in\u0103ului, Tiraspolul o consider\u0103 o suburbie a or\u0103\u0219elului Dub\u0103sari, aceea\u0219i situa\u021bie e \u0219i cu Varni\u021ba. Deci, eu nu prea am v\u0103zut mare noutate.<\/p>\n<p>Poate este legat \u00eentr-un fel sau altul de campania electoral\u0103 sau cei de la Tiraspol \u00eencearc\u0103 s\u0103 tensioneze, sau cei de la Chi\u0219in\u0103u \u00eencearc\u0103 s\u0103 aten\u021bioneze opinia public\u0103 c\u0103, uite, se \u00eent\u00e2mpl\u0103, s-ar putea \u00eent\u00e2mpla ceva. \u0218ti\u021bi c\u0103 am mai avut \u0219i anul trecut, \u0219i \u00een 2017 anumite tension\u0103ri de situa\u021bie c\u00e2nd prognozele erau c\u0103 iat\u0103-iat\u0103 izbucne\u0219te un conflict, dar de fapt nu s-a \u00eent\u00e2mplat nimic, cred c\u0103 nici de ast\u0103 dat\u0103 nu se va \u00eent\u00e2mpla nimic extraordinar, sper, cel pu\u021bin. OSCE-ul a reac\u021bionat, pentru c\u0103 a considerat de datoria OSCE-ului s\u0103 reac\u021bioneze, deoarece au fost convoca\u021bi la Ministerul de Externe reprezentan\u021bii formatului \u201e5 + 2\u201d.<\/p>\n<p>Un pas, probabil, corect pentru a aten\u021biona c\u0103 se \u00eent\u00e2mpl\u0103 ceva acolo. Urmeaz\u0103 s\u0103 vedem. Eu, deocamdat\u0103, nu v\u0103d premise, cum n-am v\u0103zut nici \u00een 2017 sau \u00een 2018 pentru declan\u0219area unui conflict. Situa\u021bia este relativ stabil\u0103.\u201d<\/p>\n<p>Textul complet:\u00a0<a href=\"https:\/\/moldova.europalibera.org\/a\/anatolie-golea-nu-v\u0103d-premise-pentru-declan\u0219area-unui-conflict-situa\u021bia-este-relativ-stabil\u0103-\/29749844.html\">https:\/\/moldova.europalibera.org\/<\/a><\/p>\n<p>&nbsp;<\/p>\n","protected":false},"excerpt":{"rendered":"<p>Liliana Barb\u0103ro\u0219ie Diploma\u0163ia moldovean\u0103 a avut s\u0103pt\u0103m\u00e2na trecut\u0103 mai mult\u0103 treab\u0103 ca de obicei: s-a v\u0103zut nevoit\u0103 s\u0103 reac\u0163ioneze, pe toate \u201efronturile\u201d posibile, la un a\u015fa zis \u201edecret\u201d al liderului administra\u0163iei de la Tiraspol, Vadim Krasnoselski, prin care Tiraspolul pare s\u0103 \u00eencerce s\u0103 dispute cu Chi\u015fin\u0103ul controlul asupra satului Varni\u021ba din zona de securitate. S-a&#8230;<\/p>\n","protected":false},"author":2,"featured_media":0,"comment_status":"closed","ping_status":"open","sticky":false,"template":"","format":"standard","meta":[],"categories":[1],"tags":[],"_links":{"self":[{"href":"https:\/\/centers.ulbsibiu.ro\/ccsprise\/lact\/wp-json\/wp\/v2\/posts\/5900"}],"collection":[{"href":"https:\/\/centers.ulbsibiu.ro\/ccsprise\/lact\/wp-json\/wp\/v2\/posts"}],"about":[{"href":"https:\/\/centers.ulbsibiu.ro\/ccsprise\/lact\/wp-json\/wp\/v2\/types\/post"}],"author":[{"embeddable":true,"href":"https:\/\/centers.ulbsibiu.ro\/ccsprise\/lact\/wp-json\/wp\/v2\/users\/2"}],"replies":[{"embeddable":true,"href":"https:\/\/centers.ulbsibiu.ro\/ccsprise\/lact\/wp-json\/wp\/v2\/comments?post=5900"}],"version-history":[{"count":1,"href":"https:\/\/centers.ulbsibiu.ro\/ccsprise\/lact\/wp-json\/wp\/v2\/posts\/5900\/revisions"}],"predecessor-version":[{"id":5901,"href":"https:\/\/centers.ulbsibiu.ro\/ccsprise\/lact\/wp-json\/wp\/v2\/posts\/5900\/revisions\/5901"}],"wp:attachment":[{"href":"https:\/\/centers.ulbsibiu.ro\/ccsprise\/lact\/wp-json\/wp\/v2\/media?parent=5900"}],"wp:term":[{"taxonomy":"category","embeddable":true,"href":"https:\/\/centers.ulbsibiu.ro\/ccsprise\/lact\/wp-json\/wp\/v2\/categories?post=5900"},{"taxonomy":"post_tag","embeddable":true,"href":"https:\/\/centers.ulbsibiu.ro\/ccsprise\/lact\/wp-json\/wp\/v2\/tags?post=5900"}],"curies":[{"name":"wp","href":"https:\/\/api.w.org\/{rel}","templated":true}]}}