{"id":5892,"date":"2019-02-04T18:04:17","date_gmt":"2019-02-04T16:04:17","guid":{"rendered":"https:\/\/centers.ulbsibiu.ro\/ccsprise\/lact\/?p=5892"},"modified":"2019-02-04T18:04:17","modified_gmt":"2019-02-04T16:04:17","slug":"stepan-driga-fermier-in-transnistria-de-la-alegeri-nu-ne-asteptam-la-ceva-bun-nimeni-nu-vine-cu-o-rezolvare-a-conflictului-transnistrean","status":"publish","type":"post","link":"https:\/\/centers.ulbsibiu.ro\/ccsprise\/lact\/stepan-driga-fermier-in-transnistria-de-la-alegeri-nu-ne-asteptam-la-ceva-bun-nimeni-nu-vine-cu-o-rezolvare-a-conflictului-transnistrean\/","title":{"rendered":"Stepan Driga, fermier \u00een Transnistria: \u201eDe la alegeri nu ne a\u0219tept\u0103m la ceva bun. Nimeni nu vine cu o rezolvare a conflictului transnistrean\u201c"},"content":{"rendered":"<p><strong>Din data de 1 august 2018, fermierii din zona de securitate de la Nistru, care de\u021bin terenuri dincolo de \u0219oseaua Tiraspol-Camenca, aflate sub controlul administra\u021biei separatiste, au primit certificate de acces pentru a-\u0219i lucra propriile terenuri. Din 2014, p\u00e2n\u0103 la aceast\u0103 dat\u0103, autorit\u0103\u021bile transnistrene au blocat accesul agricultorilor moldoveni la terenurile aflate \u00een aceast\u0103 zon\u0103, c\u0103rora le-au cerut s\u0103 \u00eencheie contracte de arend\u0103, de\u0219i sunt proprietari de drept ai acestor suprafe\u021be de p\u00e2m\u00e2nt. <\/strong><br \/>\n<strong>Unul dintre agricultorii afecta\u021bi de cei patru ani de inactivitate este Stepan Driga, care are o afacere prin care administreaz\u0103 \u0219i lucreaz\u0103 peste 400 de hectare de p\u0103m\u00e2nt.<\/strong><\/p>\n<div id=\"attachment_5893\" style=\"width: 310px\" class=\"wp-caption aligncenter\"><img aria-describedby=\"caption-attachment-5893\" loading=\"lazy\" class=\"size-medium wp-image-5893\" src=\"https:\/\/centers.ulbsibiu.ro\/ccsprise\/lact\/wp-content\/uploads\/2019\/02\/driga-300x300.jpg\" alt=\"\" width=\"300\" height=\"300\" srcset=\"https:\/\/centers.ulbsibiu.ro\/ccsprise\/lact\/wp-content\/uploads\/2019\/02\/driga-300x300.jpg 300w, https:\/\/centers.ulbsibiu.ro\/ccsprise\/lact\/wp-content\/uploads\/2019\/02\/driga-150x150.jpg 150w, https:\/\/centers.ulbsibiu.ro\/ccsprise\/lact\/wp-content\/uploads\/2019\/02\/driga-768x768.jpg 768w, https:\/\/centers.ulbsibiu.ro\/ccsprise\/lact\/wp-content\/uploads\/2019\/02\/driga-125x125.jpg 125w, https:\/\/centers.ulbsibiu.ro\/ccsprise\/lact\/wp-content\/uploads\/2019\/02\/driga.jpg 833w\" sizes=\"(max-width: 300px) 100vw, 300px\" \/><p id=\"caption-attachment-5893\" class=\"wp-caption-text\"><em><strong>STEPAN DRIGA<\/strong><\/em><\/p><\/div>\n<p><em>A\u021bi reu\u0219it s\u0103 intra\u021bi \u00een posesia terenurilor? C\u00e2t de important a fost sprijinul financiar al Guvernului Republicii Moldova pentru fermierii afecta\u021bi de decizia autorit\u0103\u021bilor separatiste din Trasnistria, din 2014?<\/em><br \/>\nS.D.: Da, \u00eentr-adev\u0103r, am fost printre primii fermieri care au primit certificate. Am fost nevoi\u021bi s\u0103 apel\u0103m la credite bancare, ca s\u0103 putem lucra p\u0103m\u00e2ntul care ne-a fost re\u00eentors. P\u0103m\u00e2ntul l-am arat \u0219i sem\u0103nat din toamn\u0103 iar acum ne preg\u0103tim pentru lucr\u0103rile de prim\u0103var\u0103.<br \/>\nCu p\u0103rere de r\u0103u, de patru ani de c\u00e2nd nu am lucrat p\u0103m\u00e2nturile, am sl\u0103bit tare din punct de vedere financiar. Sper\u0103m ca 2019 va fi un an bun din punct de vedere agricol \u0219i c\u0103 ne vom recupera cheltuielile.<br \/>\nC\u00e2t despre compensa\u021bii, nimeni nu a ne-a compensat cu nimic pentru pierderi. Terenurile au fost re\u00eentoarse \u00eentr-o stare deplorabil\u0103.<br \/>\n\u00cen ace\u0219ti patru ani, terenurile au fost cultivate numai cu floarea soarelui, cu mari \u00eenc\u0103lc\u0103ri de asolament. Cu p\u0103rere de r\u0103u, Guvernul Republicii Moldova a compensat numai plata la proprietari, cu 1200 de lei la hectar. Agen\u021bii economici au fost l\u0103sa\u021bi f\u0103r\u0103 niciun ajutor din partea statului. Asta a fost plata pentru patriotismul agen\u021bilor economici, care nu au cedat \u00een fa\u021ba presiunilor autorit\u0103\u021bilor transnistrene, de a trece sub jurisdic\u021bia lor.<\/p>\n<p><em>V\u0103 este util\u0103 pia\u021ba din st\u00e2nga Nistrului, pentru aprovizionare sau v\u00e2nzarea produc\u021biei? Cum se raporteaz\u0103 popula\u021bia din regiune la activitatea dumneavoastr\u0103?<\/em><br \/>\n<span style=\"display: inline !important; float: none; background-color: transparent; color: #333333; cursor: text; font-family: Georgia,'Times New Roman','Bitstream Charter',Times,serif; font-size: 16px; font-style: normal; font-variant: normal; font-weight: 400; letter-spacing: normal; orphans: 2; text-align: left; text-decoration: none; text-indent: 0px; text-transform: none; -webkit-text-stroke-width: 0px; white-space: normal; word-spacing: 0px;\">S.D.: <\/span>C\u00e2t despre pia\u021ba transnistrean\u0103, noi nu putem livra nimic, deoarece nu ne permite legisla\u021bia. Noi toat\u0103 produc\u021bia o aducem cu bacul peste r\u00e2ul Nistru \u0219i o livr\u0103m agen\u021bilor economici din Republica Moldova.<\/p>\n<p><em>Luna aceasta sunt alegeri pentru Parlamentul Republicii Moldova. Ce a\u0219tept\u0103ri au fermierii de la aceste alegeri?<\/em><br \/>\n<span style=\"display: inline !important; float: none; background-color: transparent; color: #333333; cursor: text; font-family: Georgia,'Times New Roman','Bitstream Charter',Times,serif; font-size: 16px; font-style: normal; font-variant: normal; font-weight: 400; letter-spacing: normal; orphans: 2; text-align: left; text-decoration: none; text-indent: 0px; text-transform: none; -webkit-text-stroke-width: 0px; white-space: normal; word-spacing: 0px;\">S.D.: <\/span>De la alegeri, personal nu a\u0219tept schimb\u0103ri spre bine. N-am v\u0103zut la nimeni ceva concret, cum se poate rezolva situa\u021bia \u00een zona transnistrean\u0103. Dar, f\u0103r\u0103 a rezolva aceast\u0103 problem\u0103, noi, agen\u021bii economici din partea st\u00e2ng\u0103 a Nistrului, sub jurisdic\u021bia Republicii Moldova, nu ne a\u0219tept\u0103m la ceva bun.<\/p>\n<p><strong>A consemnat Mircea Merticariu<\/strong><\/p>\n","protected":false},"excerpt":{"rendered":"<p>Din data de 1 august 2018, fermierii din zona de securitate de la Nistru, care de\u021bin terenuri dincolo de \u0219oseaua Tiraspol-Camenca, aflate sub controlul administra\u021biei separatiste, au primit certificate de acces pentru a-\u0219i lucra propriile terenuri. Din 2014, p\u00e2n\u0103 la aceast\u0103 dat\u0103, autorit\u0103\u021bile transnistrene au blocat accesul agricultorilor moldoveni la terenurile aflate \u00een aceast\u0103 zon\u0103,&#8230;<\/p>\n","protected":false},"author":2,"featured_media":0,"comment_status":"closed","ping_status":"open","sticky":false,"template":"","format":"standard","meta":[],"categories":[24],"tags":[],"_links":{"self":[{"href":"https:\/\/centers.ulbsibiu.ro\/ccsprise\/lact\/wp-json\/wp\/v2\/posts\/5892"}],"collection":[{"href":"https:\/\/centers.ulbsibiu.ro\/ccsprise\/lact\/wp-json\/wp\/v2\/posts"}],"about":[{"href":"https:\/\/centers.ulbsibiu.ro\/ccsprise\/lact\/wp-json\/wp\/v2\/types\/post"}],"author":[{"embeddable":true,"href":"https:\/\/centers.ulbsibiu.ro\/ccsprise\/lact\/wp-json\/wp\/v2\/users\/2"}],"replies":[{"embeddable":true,"href":"https:\/\/centers.ulbsibiu.ro\/ccsprise\/lact\/wp-json\/wp\/v2\/comments?post=5892"}],"version-history":[{"count":1,"href":"https:\/\/centers.ulbsibiu.ro\/ccsprise\/lact\/wp-json\/wp\/v2\/posts\/5892\/revisions"}],"predecessor-version":[{"id":5894,"href":"https:\/\/centers.ulbsibiu.ro\/ccsprise\/lact\/wp-json\/wp\/v2\/posts\/5892\/revisions\/5894"}],"wp:attachment":[{"href":"https:\/\/centers.ulbsibiu.ro\/ccsprise\/lact\/wp-json\/wp\/v2\/media?parent=5892"}],"wp:term":[{"taxonomy":"category","embeddable":true,"href":"https:\/\/centers.ulbsibiu.ro\/ccsprise\/lact\/wp-json\/wp\/v2\/categories?post=5892"},{"taxonomy":"post_tag","embeddable":true,"href":"https:\/\/centers.ulbsibiu.ro\/ccsprise\/lact\/wp-json\/wp\/v2\/tags?post=5892"}],"curies":[{"name":"wp","href":"https:\/\/api.w.org\/{rel}","templated":true}]}}