{"id":5890,"date":"2019-02-01T19:11:36","date_gmt":"2019-02-01T17:11:36","guid":{"rendered":"https:\/\/centers.ulbsibiu.ro\/ccsprise\/lact\/?p=5890"},"modified":"2019-02-01T19:11:36","modified_gmt":"2019-02-01T17:11:36","slug":"infotag-md-liderul-de-la-tiraspol-va-contribui-la-organizarea-in-transnistria-a-procesului-electoral-la-alegerile-prezidentiale-din-ucraina","status":"publish","type":"post","link":"https:\/\/centers.ulbsibiu.ro\/ccsprise\/lact\/infotag-md-liderul-de-la-tiraspol-va-contribui-la-organizarea-in-transnistria-a-procesului-electoral-la-alegerile-prezidentiale-din-ucraina\/","title":{"rendered":"Infotag.md &#8211; LIDERUL DE LA TIRASPOL VA CONTRIBUI LA ORGANIZAREA \u00ceN TRANSNISTRIA A PROCESULUI ELECTORAL LA ALEGERILE PREZIDEN\u021aIALE DIN UCRAINA"},"content":{"rendered":"<p>Reprezentan\u021bii comunit\u0103\u0163ii ucrainene din Transnistria s-au \u00eent\u00e2lnit \u00een ajun cu pre\u0219edintele autoproclamatei RMN, Vadim Krasnoselski, pe care l-au rugat s\u0103 contribuie la \u201eorganizarea procedurilor electorale \u00een leg\u0103tur\u0103 cu alegerile preziden\u021biale din Ucraina din 31 martie\u201d.<\/p>\n<p>Potrivit agen\u0163iei INFOTAG cu referire la site-ul liderului de la Tiraspol, ei au men\u021bionat c\u0103 \u00een Transnistria locuiesc peste 50 de mii de cet\u0103\u021beni ai Ucrainei, care au motive s\u0103 participe la vot.<\/p>\n<p>Krasnoselski a promis c\u0103 \u201econducerea republicii va contribui la organizarea alegerilor\u201d, subliniind c\u0103 \u201erolul principal \u00eel au organiza\u021biile ob\u015fte\u015fti care reprezint\u0103 interesele ucrainenilor transnistreni\u201d.<\/p>\n<p>\u201ePozi\u021bia Transnistriei r\u0103m\u00e2ne neschimbat\u0103: republica respect\u0103 \u0219i recunoa\u0219te alegerea oamenilor \u0219i va stabili un dialog constructiv cu conducerea aleas\u0103 a Ucrainei, sus\u021bin\u00e2nd \u0219i dezvolt\u00e2nd rela\u021bii de bun\u0103 vecin\u0103tate, indiferent de cine va prelua func\u021bia de pre\u0219edinte al acestui stat\u201d, a declarat liderul de la Tiraspol.<\/p>\n<p>Sursa:\u00a0<a href=\"http:\/\/www.infotag.md\/rebelion-ro\/271957\/\">http:\/\/www.infotag.md\/<\/a><\/p>\n","protected":false},"excerpt":{"rendered":"<p>Reprezentan\u021bii comunit\u0103\u0163ii ucrainene din Transnistria s-au \u00eent\u00e2lnit \u00een ajun cu pre\u0219edintele autoproclamatei RMN, Vadim Krasnoselski, pe care l-au rugat s\u0103 contribuie la \u201eorganizarea procedurilor electorale \u00een leg\u0103tur\u0103 cu alegerile preziden\u021biale din Ucraina din 31 martie\u201d. Potrivit agen\u0163iei INFOTAG cu referire la site-ul liderului de la Tiraspol, ei au men\u021bionat c\u0103 \u00een Transnistria locuiesc peste 50&#8230;<\/p>\n","protected":false},"author":2,"featured_media":0,"comment_status":"closed","ping_status":"open","sticky":false,"template":"","format":"standard","meta":[],"categories":[1],"tags":[],"_links":{"self":[{"href":"https:\/\/centers.ulbsibiu.ro\/ccsprise\/lact\/wp-json\/wp\/v2\/posts\/5890"}],"collection":[{"href":"https:\/\/centers.ulbsibiu.ro\/ccsprise\/lact\/wp-json\/wp\/v2\/posts"}],"about":[{"href":"https:\/\/centers.ulbsibiu.ro\/ccsprise\/lact\/wp-json\/wp\/v2\/types\/post"}],"author":[{"embeddable":true,"href":"https:\/\/centers.ulbsibiu.ro\/ccsprise\/lact\/wp-json\/wp\/v2\/users\/2"}],"replies":[{"embeddable":true,"href":"https:\/\/centers.ulbsibiu.ro\/ccsprise\/lact\/wp-json\/wp\/v2\/comments?post=5890"}],"version-history":[{"count":1,"href":"https:\/\/centers.ulbsibiu.ro\/ccsprise\/lact\/wp-json\/wp\/v2\/posts\/5890\/revisions"}],"predecessor-version":[{"id":5891,"href":"https:\/\/centers.ulbsibiu.ro\/ccsprise\/lact\/wp-json\/wp\/v2\/posts\/5890\/revisions\/5891"}],"wp:attachment":[{"href":"https:\/\/centers.ulbsibiu.ro\/ccsprise\/lact\/wp-json\/wp\/v2\/media?parent=5890"}],"wp:term":[{"taxonomy":"category","embeddable":true,"href":"https:\/\/centers.ulbsibiu.ro\/ccsprise\/lact\/wp-json\/wp\/v2\/categories?post=5890"},{"taxonomy":"post_tag","embeddable":true,"href":"https:\/\/centers.ulbsibiu.ro\/ccsprise\/lact\/wp-json\/wp\/v2\/tags?post=5890"}],"curies":[{"name":"wp","href":"https:\/\/api.w.org\/{rel}","templated":true}]}}