{"id":5888,"date":"2019-02-01T19:08:42","date_gmt":"2019-02-01T17:08:42","guid":{"rendered":"https:\/\/centers.ulbsibiu.ro\/ccsprise\/lact\/?p=5888"},"modified":"2019-02-01T19:08:42","modified_gmt":"2019-02-01T17:08:42","slug":"deschide-md-afacerist-cu-arme-din-transnistria-retinut-de-ini-cu-ce-pret-vindea-pistoale-si-grenade","status":"publish","type":"post","link":"https:\/\/centers.ulbsibiu.ro\/ccsprise\/lact\/deschide-md-afacerist-cu-arme-din-transnistria-retinut-de-ini-cu-ce-pret-vindea-pistoale-si-grenade\/","title":{"rendered":"Deschide.md &#8211; \u201eAfacerist\u201d cu arme din Transnistria, re\u021binut de INI. Cu ce pre\u021b vindea pistoale \u0219i grenade"},"content":{"rendered":"<p>Un b\u0103rbat din Anenii Noi a fost re\u021binut de ofi\u021berii Direc\u021biei de Combatere a Crimelor Organizate a Inspectoratului Na\u021bional de Investiga\u021bii, fiind suspectat de comercializarea armelor \u0219i grendadelor aduse din st\u00e2nga Nistrului<br \/>\nPotrivit unui comunicat al INI, oamenii legii au desf\u0103\u0219urat, la 30 ianuarie, cinci perchezi\u021bii \u00een cadrul unei cauze penale pornite pe faptul p\u0103str\u0103rii ilegale, comercializ\u0103rii de arme \u0219i muni\u021bii de c\u0103tre membrii unei grup criminal.<br \/>\n\u201eCa urmare a ac\u021biunilor de urm\u0103rire penal\u0103 \u0219i a ac\u021biunilor speciale de investiga\u021bie, s-a stabilit c\u0103 \u00een perioada 2017-2018, membrii grup\u0103rii ar fi ob\u021binut ilegal, arme \u0219i muni\u021bii, care urmau a fi comercializate. Activitatea infrac\u021bional\u0103 a grup\u0103rii a fost investigat\u0103 cu mijloace tehnice speciale, urm\u0103rire vizual\u0103, investiga\u021bia sub acoperire, inclusiv prin comercializarea ilegal\u0103 a unor arme. Poli\u021bia a re\u021binut un b\u0103rbat de 57 de ani, al\u021bi doi fiind da\u021bi \u00een c\u0103utare\u201d, scrie \u00een comunicatul poli\u021biei.<br \/>\nSurse ale Deschide.MD, apropiate anchetei, care au solicitat s\u0103 le fie p\u0103strat anonimatul, ne-au comunicat c\u0103 cel re\u021binut este un nume cunoscut \u00een lumea interlop\u0103 care ar avea leg\u0103turi cu o grup\u0103 criminal\u0103 specializat\u0103 \u00een traficul de arme din st\u00e2nga Nistrului.<br \/>\nSursele ne-au comunicat c\u0103 un agent sub acoperire ar fi cump\u0103rat de la b\u0103rbatul re\u021binut un pistol de model Baikal, cu num\u0103rul radiat, la un pre\u021b de 700 de dolari americani. Aceea\u0219i persoan\u0103 aducea din st\u00e2nga Nistrului \u0219i automate Kala\u0219nikov la un pre\u021b de 1000 de euro per bucat\u0103, dar \u0219i grenade pe care le vindea cu 20 de euro per bucat\u0103.<br \/>\nOamenii legii au ini\u021biat o cauz\u0103 penal\u0103 pentru purtarea, p\u0103strarea, procurarea, fabricarea, repararea sau comercializarea ilegal\u0103 a armelor \u015fi muni\u0163iilor, sustragerea lor.<\/p>\n<p>Sursa:\u00a0<a href=\"https:\/\/deschide.md\/ro\/stiri\/social\/43643\/VIDEO--\u201eAfacerist\u201d-cu-arme-din-Transnistria-re\u021binut-de-INI-Cu-ce-pre\u021b-vindea-pistoale-\u0219i-grenade.htm\">https:\/\/deschide.md\/<\/a><\/p>\n","protected":false},"excerpt":{"rendered":"<p>Un b\u0103rbat din Anenii Noi a fost re\u021binut de ofi\u021berii Direc\u021biei de Combatere a Crimelor Organizate a Inspectoratului Na\u021bional de Investiga\u021bii, fiind suspectat de comercializarea armelor \u0219i grendadelor aduse din st\u00e2nga Nistrului Potrivit unui comunicat al INI, oamenii legii au desf\u0103\u0219urat, la 30 ianuarie, cinci perchezi\u021bii \u00een cadrul unei cauze penale pornite pe faptul p\u0103str\u0103rii&#8230;<\/p>\n","protected":false},"author":2,"featured_media":0,"comment_status":"closed","ping_status":"open","sticky":false,"template":"","format":"standard","meta":[],"categories":[1],"tags":[],"_links":{"self":[{"href":"https:\/\/centers.ulbsibiu.ro\/ccsprise\/lact\/wp-json\/wp\/v2\/posts\/5888"}],"collection":[{"href":"https:\/\/centers.ulbsibiu.ro\/ccsprise\/lact\/wp-json\/wp\/v2\/posts"}],"about":[{"href":"https:\/\/centers.ulbsibiu.ro\/ccsprise\/lact\/wp-json\/wp\/v2\/types\/post"}],"author":[{"embeddable":true,"href":"https:\/\/centers.ulbsibiu.ro\/ccsprise\/lact\/wp-json\/wp\/v2\/users\/2"}],"replies":[{"embeddable":true,"href":"https:\/\/centers.ulbsibiu.ro\/ccsprise\/lact\/wp-json\/wp\/v2\/comments?post=5888"}],"version-history":[{"count":1,"href":"https:\/\/centers.ulbsibiu.ro\/ccsprise\/lact\/wp-json\/wp\/v2\/posts\/5888\/revisions"}],"predecessor-version":[{"id":5889,"href":"https:\/\/centers.ulbsibiu.ro\/ccsprise\/lact\/wp-json\/wp\/v2\/posts\/5888\/revisions\/5889"}],"wp:attachment":[{"href":"https:\/\/centers.ulbsibiu.ro\/ccsprise\/lact\/wp-json\/wp\/v2\/media?parent=5888"}],"wp:term":[{"taxonomy":"category","embeddable":true,"href":"https:\/\/centers.ulbsibiu.ro\/ccsprise\/lact\/wp-json\/wp\/v2\/categories?post=5888"},{"taxonomy":"post_tag","embeddable":true,"href":"https:\/\/centers.ulbsibiu.ro\/ccsprise\/lact\/wp-json\/wp\/v2\/tags?post=5888"}],"curies":[{"name":"wp","href":"https:\/\/api.w.org\/{rel}","templated":true}]}}