{"id":5886,"date":"2019-02-01T19:06:27","date_gmt":"2019-02-01T17:06:27","guid":{"rendered":"https:\/\/centers.ulbsibiu.ro\/ccsprise\/lact\/?p=5886"},"modified":"2019-02-01T19:06:27","modified_gmt":"2019-02-01T17:06:27","slug":"infotag-md-liderul-transnistrean-este-interesat-de-dezvoltarea-dialogului-cu-sua","status":"publish","type":"post","link":"https:\/\/centers.ulbsibiu.ro\/ccsprise\/lact\/infotag-md-liderul-transnistrean-este-interesat-de-dezvoltarea-dialogului-cu-sua\/","title":{"rendered":"Infotag.md &#8211; LIDERUL TRANSNISTREAN ESTE INTERESAT DE DEZVOLTAREA DIALOGULUI CU SUA"},"content":{"rendered":"<p>Transnistria este interesat\u0103 de continuarea \u015fi dezvoltarea unui dialog bilateral cu Statele Unite, care particip\u0103 activ la procesul de negocieri \u00een formatul &#8220;5+2. O declara\u0163ie \u00een acest sens a f\u0103cut pre\u015fedintele autoproclamatei RMN, Vadim Krasnoselski, care a primit joi, la Tiraspol, o delega\u0163ie a Ambasadei SUA \u00een RM, condus\u0103 de Ambasadorul Dereck Hogan.<br \/>\nPotrivit agen\u0163iei INFOTAG cu referire la site-ul liderului de la Tiraspol, Krasnoselski &#8220;a subliniat caracterul de afaceri al cooper\u0103rii cu ambasada american\u0103, men\u0163ion\u00e2nd abordarea prietenoas\u0103 \u015fi constructiv\u0103 a p\u0103r\u0163ilor \u00een stabilirea rela\u0163iilor&#8221;.<br \/>\nLa r\u00e2ndul s\u0103u, Dereck Hogan a reiterat pozi\u0163ia activ\u0103 a SUA \u00een activitatea formatului &#8220;5+2&#8221;, subliniind c\u0103 ambasada american\u0103 \u015fi \u0163ara sa &#8220;\u00eencearc\u0103 s\u0103 fac\u0103 tot ce le st\u0103 \u00een putin\u0163\u0103 pentru a contribui la solu\u0163ionarea pa\u015fnic\u0103 a conflictului moldo-transnistrean&#8221;.<br \/>\nInterlocutorii au discutat \u00een detalii diferite aspecte ale procesului de negocieri, precum \u015fi chestiuni ale contactelor bilaterale.<br \/>\nLa rug\u0103mintea diplomatului american, Vadim Krasnoselski, ministrul afacerilor externe \u015fi adjunctul s\u0103u au desf\u0103\u015furat o excursie pentru oaspe\u0163i prin parcul Alexandr Nevskii \u015fi \u00eemprejurimile cet\u0103\u0163ii Bender.<\/p>\n<p>Sursa:\u00a0<a href=\"http:\/\/www.infotag.md\/rebelion-ro\/271939\/\">http:\/\/www.infotag.md\/<\/a><\/p>\n","protected":false},"excerpt":{"rendered":"<p>Transnistria este interesat\u0103 de continuarea \u015fi dezvoltarea unui dialog bilateral cu Statele Unite, care particip\u0103 activ la procesul de negocieri \u00een formatul &#8220;5+2. O declara\u0163ie \u00een acest sens a f\u0103cut pre\u015fedintele autoproclamatei RMN, Vadim Krasnoselski, care a primit joi, la Tiraspol, o delega\u0163ie a Ambasadei SUA \u00een RM, condus\u0103 de Ambasadorul Dereck Hogan. Potrivit agen\u0163iei&#8230;<\/p>\n","protected":false},"author":2,"featured_media":0,"comment_status":"closed","ping_status":"open","sticky":false,"template":"","format":"standard","meta":[],"categories":[1],"tags":[],"_links":{"self":[{"href":"https:\/\/centers.ulbsibiu.ro\/ccsprise\/lact\/wp-json\/wp\/v2\/posts\/5886"}],"collection":[{"href":"https:\/\/centers.ulbsibiu.ro\/ccsprise\/lact\/wp-json\/wp\/v2\/posts"}],"about":[{"href":"https:\/\/centers.ulbsibiu.ro\/ccsprise\/lact\/wp-json\/wp\/v2\/types\/post"}],"author":[{"embeddable":true,"href":"https:\/\/centers.ulbsibiu.ro\/ccsprise\/lact\/wp-json\/wp\/v2\/users\/2"}],"replies":[{"embeddable":true,"href":"https:\/\/centers.ulbsibiu.ro\/ccsprise\/lact\/wp-json\/wp\/v2\/comments?post=5886"}],"version-history":[{"count":1,"href":"https:\/\/centers.ulbsibiu.ro\/ccsprise\/lact\/wp-json\/wp\/v2\/posts\/5886\/revisions"}],"predecessor-version":[{"id":5887,"href":"https:\/\/centers.ulbsibiu.ro\/ccsprise\/lact\/wp-json\/wp\/v2\/posts\/5886\/revisions\/5887"}],"wp:attachment":[{"href":"https:\/\/centers.ulbsibiu.ro\/ccsprise\/lact\/wp-json\/wp\/v2\/media?parent=5886"}],"wp:term":[{"taxonomy":"category","embeddable":true,"href":"https:\/\/centers.ulbsibiu.ro\/ccsprise\/lact\/wp-json\/wp\/v2\/categories?post=5886"},{"taxonomy":"post_tag","embeddable":true,"href":"https:\/\/centers.ulbsibiu.ro\/ccsprise\/lact\/wp-json\/wp\/v2\/tags?post=5886"}],"curies":[{"name":"wp","href":"https:\/\/api.w.org\/{rel}","templated":true}]}}