{"id":5884,"date":"2019-02-01T18:57:31","date_gmt":"2019-02-01T16:57:31","guid":{"rendered":"https:\/\/centers.ulbsibiu.ro\/ccsprise\/lact\/?p=5884"},"modified":"2019-02-01T18:57:31","modified_gmt":"2019-02-01T16:57:31","slug":"gov-md-noi-tensiuni-in-zona-de-securitate","status":"publish","type":"post","link":"https:\/\/centers.ulbsibiu.ro\/ccsprise\/lact\/gov-md-noi-tensiuni-in-zona-de-securitate\/","title":{"rendered":"Gov.md &#8211; Noi tensiuni \u00een Zona de Securitate"},"content":{"rendered":"<p>Ac\u021biunile provocatoare \u00eentreprinse de Tiraspol pe parcursul lunii ianuarie \u00een Zona de Securitate, \u00een special \u00een raionul cu regim sporit de securitate, au constituit subiectul central \u00een cadrul \u0219edin\u021bei Comisiei Unificate de Control din 31 ianuarie.<br \/>\nAstfel, dup\u0103 amplasarea posturilor mobile de \u201egr\u0103niceri\u201d \u0219i \u201evamale\u201d la intersec\u021bia unor str\u0103zi ce separ\u0103 ora\u0219ul Bender de satul Varni\u021ba, dar \u0219i la sta\u021bia de cale ferat\u0103 Bender-2 \u0219i blocarea procedurilor stabilite de fixare de c\u0103tre observatorii militari a acestor \u00eenc\u0103lc\u0103ri grave, tensionarea situa\u021biei a continuat prin emiterea la 25 ianuarie a unui pretins \u201edecret\u201d, care nume\u0219te satul Varni\u021ba drept localitate aflat\u0103 temporar sub controlul Republicii Moldova.<br \/>\nReprezentantul administra\u021biei locale a or. Bender, prezent la \u0219edin\u021ba Comisiei, a specificat c\u0103 nu cunoa\u0219te motivele acestei decizii, dar c\u0103 este obligat s\u0103 o execute. Afirma\u021biile acestuia contrazic textul pretinsului \u201edocument\u201d \u00een care drept \u201etemei\u201d este indicat\u0103 o adresare a consiliului local al or. Bender din 20 decembrie 2018 \u00een \u00eencercarea de a-l pozi\u021biona ca fiind o voin\u021b\u0103 a reprezentan\u021bilor locali.<br \/>\n\u00cen acela\u0219i context, delega\u021bia Republicii Moldova \u0219i-a reiterat propunerile \u00eenaintate anterior la subiect (de a cere explica\u021bii pe caz, de a organiza \u00een or. Bender patrularea mobil\u0103 de c\u0103tre observatorii militari).<br \/>\nMembrii Comisiei au revenit \u0219i la subiectul elimin\u0103rii postului transnistrean \u201egr\u0103niceresc\u201d instalat pe malul r\u00e2ului Nistru \u00eentre localit\u0103\u021bile Cremenciug \u0219i Slobozia. De\u0219i delega\u021bia Republicii Moldova a cerut \u00eenlocuirea acestuia cu un post mobil al For\u021belor Mixte de Pacificare, iar delega\u021bia Federa\u021biei Ruse a optat pentru un post sta\u021bionar al For\u021belor Mixte de Pacificare, partea transnistrean\u0103 a respins propunerile.<br \/>\n\u00cen alt\u0103 ordine de idei, \u00een leg\u0103tur\u0103 cu demersul delega\u021biei Republicii Moldova pentru asigurarea ordinii de drept \u00een localit\u0103\u021bile din Zona de Securitate at\u00e2t \u00een campania electoral\u0103, c\u00e2t \u0219i \u00een ziua alegerilor, delega\u021bia transnistrean\u0103 a men\u021bionat c\u0103 \u00ee\u0219i va expune pozi\u021bia ulterior.<\/p>\n<p>Delega\u021bia Republicii Moldova \u00een Comisia Unificat\u0103 de Control<\/p>\n<p>&nbsp;<\/p>\n<p>Sursa:\u00a0<a href=\"https:\/\/gov.md\/ro\/content\/noi-tensiuni-zona-de-securitate\">https:\/\/gov.md\/<\/a><\/p>\n","protected":false},"excerpt":{"rendered":"<p>Ac\u021biunile provocatoare \u00eentreprinse de Tiraspol pe parcursul lunii ianuarie \u00een Zona de Securitate, \u00een special \u00een raionul cu regim sporit de securitate, au constituit subiectul central \u00een cadrul \u0219edin\u021bei Comisiei Unificate de Control din 31 ianuarie. Astfel, dup\u0103 amplasarea posturilor mobile de \u201egr\u0103niceri\u201d \u0219i \u201evamale\u201d la intersec\u021bia unor str\u0103zi ce separ\u0103 ora\u0219ul Bender de satul&#8230;<\/p>\n","protected":false},"author":2,"featured_media":0,"comment_status":"closed","ping_status":"open","sticky":false,"template":"","format":"standard","meta":[],"categories":[1],"tags":[],"_links":{"self":[{"href":"https:\/\/centers.ulbsibiu.ro\/ccsprise\/lact\/wp-json\/wp\/v2\/posts\/5884"}],"collection":[{"href":"https:\/\/centers.ulbsibiu.ro\/ccsprise\/lact\/wp-json\/wp\/v2\/posts"}],"about":[{"href":"https:\/\/centers.ulbsibiu.ro\/ccsprise\/lact\/wp-json\/wp\/v2\/types\/post"}],"author":[{"embeddable":true,"href":"https:\/\/centers.ulbsibiu.ro\/ccsprise\/lact\/wp-json\/wp\/v2\/users\/2"}],"replies":[{"embeddable":true,"href":"https:\/\/centers.ulbsibiu.ro\/ccsprise\/lact\/wp-json\/wp\/v2\/comments?post=5884"}],"version-history":[{"count":1,"href":"https:\/\/centers.ulbsibiu.ro\/ccsprise\/lact\/wp-json\/wp\/v2\/posts\/5884\/revisions"}],"predecessor-version":[{"id":5885,"href":"https:\/\/centers.ulbsibiu.ro\/ccsprise\/lact\/wp-json\/wp\/v2\/posts\/5884\/revisions\/5885"}],"wp:attachment":[{"href":"https:\/\/centers.ulbsibiu.ro\/ccsprise\/lact\/wp-json\/wp\/v2\/media?parent=5884"}],"wp:term":[{"taxonomy":"category","embeddable":true,"href":"https:\/\/centers.ulbsibiu.ro\/ccsprise\/lact\/wp-json\/wp\/v2\/categories?post=5884"},{"taxonomy":"post_tag","embeddable":true,"href":"https:\/\/centers.ulbsibiu.ro\/ccsprise\/lact\/wp-json\/wp\/v2\/tags?post=5884"}],"curies":[{"name":"wp","href":"https:\/\/api.w.org\/{rel}","templated":true}]}}