{"id":5882,"date":"2019-01-31T19:54:28","date_gmt":"2019-01-31T17:54:28","guid":{"rendered":"https:\/\/centers.ulbsibiu.ro\/ccsprise\/lact\/?p=5882"},"modified":"2019-01-31T19:54:28","modified_gmt":"2019-01-31T17:54:28","slug":"noi-md-moldova-cere-o-atitudine-aspra-a-mediatorilor-si-observatorilor-in-problematica-transnistreana","status":"publish","type":"post","link":"https:\/\/centers.ulbsibiu.ro\/ccsprise\/lact\/noi-md-moldova-cere-o-atitudine-aspra-a-mediatorilor-si-observatorilor-in-problematica-transnistreana\/","title":{"rendered":"Noi.md &#8211; Moldova cere o atitudine aspr\u0103 a mediatorilor \u0219i observatorilor \u00een problematica transnistrean\u0103"},"content":{"rendered":"<p>Secretarul de stat al MAEIE Tatiana Molcean a expus ast\u0103zi pozi\u021bia autorit\u0103\u021bilor Republicii Moldova asupra unor ac\u0163iuni provocatoare \u00eentreprinse \u00een ultimul timp de c\u0103tre exponen\u0163ii regimului de la Tiraspol.Pozi\u021bia a fost exprimat\u0103 \u00een cadrul \u00eentrevederii cu \u0219efii misiunilor diplomatice ale Federa\u0163iei Ruse, Ucrainei, Slovaciei, Misiunii OSCE \u00een Moldova, Statelor Unite ale Americii \u015fi Uniunii Europene, care s\u00eent mediatori \u015fi observatori \u00een procesul de reglementare transnistrean\u0103.<\/p>\n<p>Secretarul de stat al MAEIE a exprimat dezam\u0103girea \u015fi consternarea autorit\u0103\u0163ilor moldovene\u015fti \u00een leg\u0103tur\u0103 cu deschiderea recent\u0103 a unei &#8220;reprezentan\u0163e oficiale a Transnistriei la Moscova&#8221;, camuflat\u0103 sub paravanul unei organiza\u0163ii ob\u015fte\u015fti. \u00cen context, a fost men\u021bionat c\u0103 autorit\u0103\u0163ile moldovene\u015fti consider\u0103 c\u0103 ac\u0163iunea \u00een cauz\u0103 contravine flagrant prevederilor de baz\u0103 ale Tratatului moldo-rus de prietenie \u015fi cooperare, semnat \u00een noiembrie 2001, precum \u015fi angajamentelor asumate de c\u0103tre Federa\u0163ia Rus\u0103 \u00een calitate de mediator impar\u0163ial \u00een procesul de reglementare a conflictului transnistrean. Secretarul de stat a atras aten\u0163ia \u015fi asupra a\u015fa-ziselor &#8220;decrete&#8221; ale lui Krasnoselski din 19 octombrie 2018 \u015fi din 25 ianuarie 2019 prin care 7 localit\u0103\u0163i de pe malul st\u00eeng al Nistrului din raionul Dub\u0103sari (Doro\u0163caia, Co\u015fni\u0163a, Pohrebea, P\u00eer\u00eeta, Cocieri, Molovata Nou\u0103 \u015fi Vasilevca), precum \u015fi localitatea Varni\u0163a, de pe malul drept al Nistrului, se declar\u0103 ca localit\u0103\u0163i &#8220;aflate provizoriu sub controlul Republicii Moldova&#8221;. Oficialul MAEIE a men\u0163ionat c\u0103 autorit\u0103\u0163ile Republicii Moldova consider\u0103 aceste acte drept o provocare la adresa tuturor partenerilor interna\u0163ionali implica\u0163i \u00een procesul de negocieri privind reglementarea transnistrean\u0103, care este de natur\u0103 s\u0103 destabilizeze situa\u0163ia \u00een Zona de securitate \u015fi s\u0103 creeze noi tensiuni \u00eentre cele dou\u0103 maluri ale Nistrului. Secretarul de stat al MAEIE a \u0163inut s\u0103 sublinieze c\u0103 prin astfel de ac\u0163iuni distructive, de r\u00eend cu declara\u0163iile publice ale exponen\u0163ilor regimului de la Tiraspol privind tendin\u0163a lor de a &#8220;ob\u0163ine recunoa\u015fterea interna\u0163ional\u0103 a independen\u0163ei republicii moldovene\u015fti nistrene&#8221;, excluz\u00eend orice alternativ\u0103 a procesului de solu\u0163ionare a problemei transnistrene, practic se submineaz\u0103 politica pa\u015filor mici \u015fi m\u0103surile de \u00eent\u0103rire a \u00eencrederii \u015fi de sprijinire a popula\u0163iei din zona de conflict.<\/p>\n<p>Diplomatul moldovean s-a adresat tuturor partenerilor implica\u021bi \u00een proces, \u00een special Misiunii OSCE \u00een Moldova \u015fi Pre\u015fedin\u0163iei slovace \u00een exerci\u0163iu a OSCE, cu rug\u0103mintea de a lua o atitudine tran\u015fant\u0103 fa\u0163\u0103 de aceste ac\u0163iuni sfid\u0103toare ale Tiraspolului, care, \u00eentr-un final, submineaz\u0103 procesul de negocieri privind reglementarea conflictului transnistrean.<\/p>\n<p>Cite\u0219te mai mult: https:\/\/noi.md\/md\/transnistria\/moldova-cere-o-atitudine-aspra-a-mediatorilor-si-observatorilor-in-problematica-transnistreana<br \/>\nFacebook: NOI.md | Odnoklassniki: Noi.Moldova<\/p>\n","protected":false},"excerpt":{"rendered":"<p>Secretarul de stat al MAEIE Tatiana Molcean a expus ast\u0103zi pozi\u021bia autorit\u0103\u021bilor Republicii Moldova asupra unor ac\u0163iuni provocatoare \u00eentreprinse \u00een ultimul timp de c\u0103tre exponen\u0163ii regimului de la Tiraspol.Pozi\u021bia a fost exprimat\u0103 \u00een cadrul \u00eentrevederii cu \u0219efii misiunilor diplomatice ale Federa\u0163iei Ruse, Ucrainei, Slovaciei, Misiunii OSCE \u00een Moldova, Statelor Unite ale Americii \u015fi Uniunii Europene,&#8230;<\/p>\n","protected":false},"author":2,"featured_media":0,"comment_status":"closed","ping_status":"open","sticky":false,"template":"","format":"standard","meta":[],"categories":[1],"tags":[],"_links":{"self":[{"href":"https:\/\/centers.ulbsibiu.ro\/ccsprise\/lact\/wp-json\/wp\/v2\/posts\/5882"}],"collection":[{"href":"https:\/\/centers.ulbsibiu.ro\/ccsprise\/lact\/wp-json\/wp\/v2\/posts"}],"about":[{"href":"https:\/\/centers.ulbsibiu.ro\/ccsprise\/lact\/wp-json\/wp\/v2\/types\/post"}],"author":[{"embeddable":true,"href":"https:\/\/centers.ulbsibiu.ro\/ccsprise\/lact\/wp-json\/wp\/v2\/users\/2"}],"replies":[{"embeddable":true,"href":"https:\/\/centers.ulbsibiu.ro\/ccsprise\/lact\/wp-json\/wp\/v2\/comments?post=5882"}],"version-history":[{"count":1,"href":"https:\/\/centers.ulbsibiu.ro\/ccsprise\/lact\/wp-json\/wp\/v2\/posts\/5882\/revisions"}],"predecessor-version":[{"id":5883,"href":"https:\/\/centers.ulbsibiu.ro\/ccsprise\/lact\/wp-json\/wp\/v2\/posts\/5882\/revisions\/5883"}],"wp:attachment":[{"href":"https:\/\/centers.ulbsibiu.ro\/ccsprise\/lact\/wp-json\/wp\/v2\/media?parent=5882"}],"wp:term":[{"taxonomy":"category","embeddable":true,"href":"https:\/\/centers.ulbsibiu.ro\/ccsprise\/lact\/wp-json\/wp\/v2\/categories?post=5882"},{"taxonomy":"post_tag","embeddable":true,"href":"https:\/\/centers.ulbsibiu.ro\/ccsprise\/lact\/wp-json\/wp\/v2\/tags?post=5882"}],"curies":[{"name":"wp","href":"https:\/\/api.w.org\/{rel}","templated":true}]}}