{"id":5880,"date":"2019-01-31T19:50:38","date_gmt":"2019-01-31T17:50:38","guid":{"rendered":"https:\/\/centers.ulbsibiu.ro\/ccsprise\/lact\/?p=5880"},"modified":"2019-01-31T19:50:38","modified_gmt":"2019-01-31T17:50:38","slug":"deschide-md-declaratie-soc-seful-filialei-pl-din-transnistria-a-facut-campanie-pentru-sevciuk-si-krasnoselski","status":"publish","type":"post","link":"https:\/\/centers.ulbsibiu.ro\/ccsprise\/lact\/deschide-md-declaratie-soc-seful-filialei-pl-din-transnistria-a-facut-campanie-pentru-sevciuk-si-krasnoselski\/","title":{"rendered":"Deschide.md &#8211; Declara\u021bie \u0219oc! \u0218eful filialei PL din Transnistria a f\u0103cut campanie pentru \u0218evciuk \u0219i Krasnoselski"},"content":{"rendered":"<p>\u0218eful filialei din Tiraspol a Partidului Liberal, Vladimir Meleca, fostul \u00eenaintat de liberali pentru circumscrip\u021bia transnistrean\u0103 \u00een alegerile parlamentare, dar neadmis de CEC, a vorbit despre suportul pe care l-a oferit \u00een pretinsele alegeri preziden\u021biale din regiunea separatist\u0103, fostului lider Evgheni \u0218evciuk \u0219i actualului, Vadim Krasnoselski.<\/p>\n<p>\u00centr-un interviu pentru publica\u021bia Newsmaker, Vladimir Meleca, a declarat c\u0103 a f\u0103cut agita\u021bie pentru actualul lider de la Tiraspol, Vadim Krasnoselski. Mai mult, el a declarat c\u0103 \u00eei recunoa\u0219te pe pretin\u0219ii pre\u0219edin\u021bi separati\u0219ti drept conduc\u0103tori. \u201eEu i-am ajutat \u0219i pe unul \u0219i pe altul la alegeri. Filiala Partidului Liberal din st\u00e2nga Nistrului, nu m\u0103 tem s\u0103 spun, a adus acestora \u00eentre 10 \u0219i 12%. Lui \u0218evciuk, cu siguran\u021b\u0103. Lui Krasnoselski, posibil, mai pu\u021bin &#8211; \u00een jur de 7-8%. Eu nu sunt sigur c\u0103 el cunoa\u0219te c\u0103 asta a f\u0103cut Meleca, dar noi am f\u0103cut asta \u00eentr-adev\u0103r\u201d, a spus acesta.<\/p>\n<p>Potrivit liberalului, la ultimele pretinsele alegeri preziden\u021biale din Transnistria, oamenii s\u0103u au votat cu Kransoselski, deoarece \u0218evciuk nu \u0219i-a onorat promisiunile. \u201eEl a promis c\u0103 peste jum\u0103tate de an va vorbi limba moldoveneasc\u0103. El i-a convins de acest fapt pe to\u021bi care au venit la \u00eentrevederea din satul Parcani\u201d, a spus Meleca.<\/p>\n<p>Potrivit acestuia, filiala liberal\u0103 din st\u00e2nga Nistrului num\u0103r\u0103 160 de persoane.<\/p>\n<p>\u00cen acela\u0219i interviu, liberalul a spus c\u0103 so\u021bii Krasnoselski de\u021bin cet\u0103\u021benia Rom\u00e2niei.<\/p>\n<p>Sursa:\u00a0<a href=\"https:\/\/deschide.md\/ro\/stiri\/politic\/43603\/Declara\u021bie-\u0219oc!-\u0218eful-filialei-PL-din-Transnistria-a-f\u0103cut-campanie-pentru-\u0218evciuk-\u0219i-Krasnoselski.htm\">https:\/\/deschide.md\/<\/a><\/p>\n<p>&nbsp;<\/p>\n","protected":false},"excerpt":{"rendered":"<p>\u0218eful filialei din Tiraspol a Partidului Liberal, Vladimir Meleca, fostul \u00eenaintat de liberali pentru circumscrip\u021bia transnistrean\u0103 \u00een alegerile parlamentare, dar neadmis de CEC, a vorbit despre suportul pe care l-a oferit \u00een pretinsele alegeri preziden\u021biale din regiunea separatist\u0103, fostului lider Evgheni \u0218evciuk \u0219i actualului, Vadim Krasnoselski. \u00centr-un interviu pentru publica\u021bia Newsmaker, Vladimir Meleca, a declarat&#8230;<\/p>\n","protected":false},"author":2,"featured_media":0,"comment_status":"closed","ping_status":"open","sticky":false,"template":"","format":"standard","meta":[],"categories":[1],"tags":[],"_links":{"self":[{"href":"https:\/\/centers.ulbsibiu.ro\/ccsprise\/lact\/wp-json\/wp\/v2\/posts\/5880"}],"collection":[{"href":"https:\/\/centers.ulbsibiu.ro\/ccsprise\/lact\/wp-json\/wp\/v2\/posts"}],"about":[{"href":"https:\/\/centers.ulbsibiu.ro\/ccsprise\/lact\/wp-json\/wp\/v2\/types\/post"}],"author":[{"embeddable":true,"href":"https:\/\/centers.ulbsibiu.ro\/ccsprise\/lact\/wp-json\/wp\/v2\/users\/2"}],"replies":[{"embeddable":true,"href":"https:\/\/centers.ulbsibiu.ro\/ccsprise\/lact\/wp-json\/wp\/v2\/comments?post=5880"}],"version-history":[{"count":1,"href":"https:\/\/centers.ulbsibiu.ro\/ccsprise\/lact\/wp-json\/wp\/v2\/posts\/5880\/revisions"}],"predecessor-version":[{"id":5881,"href":"https:\/\/centers.ulbsibiu.ro\/ccsprise\/lact\/wp-json\/wp\/v2\/posts\/5880\/revisions\/5881"}],"wp:attachment":[{"href":"https:\/\/centers.ulbsibiu.ro\/ccsprise\/lact\/wp-json\/wp\/v2\/media?parent=5880"}],"wp:term":[{"taxonomy":"category","embeddable":true,"href":"https:\/\/centers.ulbsibiu.ro\/ccsprise\/lact\/wp-json\/wp\/v2\/categories?post=5880"},{"taxonomy":"post_tag","embeddable":true,"href":"https:\/\/centers.ulbsibiu.ro\/ccsprise\/lact\/wp-json\/wp\/v2\/tags?post=5880"}],"curies":[{"name":"wp","href":"https:\/\/api.w.org\/{rel}","templated":true}]}}