{"id":5878,"date":"2019-01-31T19:47:21","date_gmt":"2019-01-31T17:47:21","guid":{"rendered":"https:\/\/centers.ulbsibiu.ro\/ccsprise\/lact\/?p=5878"},"modified":"2019-01-31T19:47:21","modified_gmt":"2019-01-31T17:47:21","slug":"infotag-md-liderul-de-la-tiraspol-indeamna-gazprom-sa-ia-deciziile-tinand-cont-de-interesele-transnistriei","status":"publish","type":"post","link":"https:\/\/centers.ulbsibiu.ro\/ccsprise\/lact\/infotag-md-liderul-de-la-tiraspol-indeamna-gazprom-sa-ia-deciziile-tinand-cont-de-interesele-transnistriei\/","title":{"rendered":"Infotag.md &#8211; LIDERUL DE LA TIRASPOL \u00ceNDEAMN\u0102 &#8220;GAZPROM&#8221; S\u0102 IA DECIZIILE \u0162IN\u00c2ND CONT DE INTERESELE TRANSNISTRIEI"},"content":{"rendered":"<p>&#8220;Orice decizie privind asigurarea pie\u0163ei transnistrene cu gaze naturale \u015fi organizarea tranzitului acestora, \u00een contextul actualiz\u0103rii unui \u015fir de norme legislative, ar trebui luat\u0103 \u0163in\u00e2nd cont de interesele transnistrenilor &#8211; purt\u0103torii suveranit\u0103\u0163ii RMN&#8221;. O declara\u0163ie \u00een acest sens a f\u0103cut pre\u015fedintele republicii nerecunoscute, Vadim Krasnoselski, care a primit miercuri o delega\u0163ie a companiei ruse &#8220;Gazprom&#8221;, condus\u0103 de vicepre\u015fedintele comitetului de conducere, Valeri Golubev.<\/p>\n<p>Potrivit agen\u0163iei INFOTAG cu referire la site-ul liderului de la Tiraspol, el a men\u0163ionat &#8220;importan\u0163a func\u0163ion\u0103rii ne\u00eentrerupte a sistemului de transport al gazelor&#8221;, numind &#8220;independen\u0163a energetic\u0103 o component\u0103 important\u0103 a statalit\u0103\u0163ii, a autosuficien\u0163ei \u015fi independen\u0163ei \u0163\u0103rii&#8221;.<\/p>\n<p>Potrivit comunicatului de pres\u0103, Golubev &#8220;a \u00eemp\u0103rt\u0103\u015fit pe deplin aceast\u0103 pozi\u0163ie&#8221; \u015fi a spus c\u0103 &#8220;trebuie de lucrat serios pentru a \u00eendeplini sarcinile din cadrul juridic cu care se confrunt\u0103 &#8220;Gazprom&#8221; &#8220;.<\/p>\n<p>&#8220;Luarea la timp a m\u0103surilor este cerut\u0103 \u015fi de \u00eencheierea termenului de ac\u0163iune a obliga\u0163iilor contractuale. \u00cen cazul unor schimb\u0103ri, riscurile pentru Transnistria trebuie s\u0103 fie nu pur \u015fi simplu minimizate, ci eliminate complet&#8221;, a spus el.<\/p>\n<p>Dup\u0103 cum a informat anterior INFOTAG, &#8220;Moldovagaz&#8221; SA \u015fi structurile sale de distribu\u0163ie \u015fi furnizare a gazelor naturale se afl\u0103 \u00een proces de reorganizare \u00een conformitate cu reforma institu\u0163ional\u0103, prev\u0103zut\u0103 de Acordul de Asociere RM-UE \u015fi de cel de-al treilea pachet energetic, precum \u015fi de legisla\u0163ia Republicii Moldova. Transnistria face parte formal din cadrul &#8220;Moldovagaz&#8221; \u015fi prime\u015fte gaze ruse\u015fti furnizate Republicii Moldova. \u00cens\u0103 din 2009 Transnistria nu mai pl\u0103te\u015fte pentru acestea, acumul\u00e2nd datorii de peste $6 mlrd.<\/p>\n<p>Sursa:\u00a0<a href=\"http:\/\/www.infotag.md\/rebelion-ro\/271900\/\">http:\/\/www.infotag.md\/<\/a><\/p>\n","protected":false},"excerpt":{"rendered":"<p>&#8220;Orice decizie privind asigurarea pie\u0163ei transnistrene cu gaze naturale \u015fi organizarea tranzitului acestora, \u00een contextul actualiz\u0103rii unui \u015fir de norme legislative, ar trebui luat\u0103 \u0163in\u00e2nd cont de interesele transnistrenilor &#8211; purt\u0103torii suveranit\u0103\u0163ii RMN&#8221;. O declara\u0163ie \u00een acest sens a f\u0103cut pre\u015fedintele republicii nerecunoscute, Vadim Krasnoselski, care a primit miercuri o delega\u0163ie a companiei ruse &#8220;Gazprom&#8221;,&#8230;<\/p>\n","protected":false},"author":2,"featured_media":0,"comment_status":"closed","ping_status":"open","sticky":false,"template":"","format":"standard","meta":[],"categories":[1],"tags":[],"_links":{"self":[{"href":"https:\/\/centers.ulbsibiu.ro\/ccsprise\/lact\/wp-json\/wp\/v2\/posts\/5878"}],"collection":[{"href":"https:\/\/centers.ulbsibiu.ro\/ccsprise\/lact\/wp-json\/wp\/v2\/posts"}],"about":[{"href":"https:\/\/centers.ulbsibiu.ro\/ccsprise\/lact\/wp-json\/wp\/v2\/types\/post"}],"author":[{"embeddable":true,"href":"https:\/\/centers.ulbsibiu.ro\/ccsprise\/lact\/wp-json\/wp\/v2\/users\/2"}],"replies":[{"embeddable":true,"href":"https:\/\/centers.ulbsibiu.ro\/ccsprise\/lact\/wp-json\/wp\/v2\/comments?post=5878"}],"version-history":[{"count":1,"href":"https:\/\/centers.ulbsibiu.ro\/ccsprise\/lact\/wp-json\/wp\/v2\/posts\/5878\/revisions"}],"predecessor-version":[{"id":5879,"href":"https:\/\/centers.ulbsibiu.ro\/ccsprise\/lact\/wp-json\/wp\/v2\/posts\/5878\/revisions\/5879"}],"wp:attachment":[{"href":"https:\/\/centers.ulbsibiu.ro\/ccsprise\/lact\/wp-json\/wp\/v2\/media?parent=5878"}],"wp:term":[{"taxonomy":"category","embeddable":true,"href":"https:\/\/centers.ulbsibiu.ro\/ccsprise\/lact\/wp-json\/wp\/v2\/categories?post=5878"},{"taxonomy":"post_tag","embeddable":true,"href":"https:\/\/centers.ulbsibiu.ro\/ccsprise\/lact\/wp-json\/wp\/v2\/tags?post=5878"}],"curies":[{"name":"wp","href":"https:\/\/api.w.org\/{rel}","templated":true}]}}