{"id":5876,"date":"2019-01-31T19:44:26","date_gmt":"2019-01-31T17:44:26","guid":{"rendered":"https:\/\/centers.ulbsibiu.ro\/ccsprise\/lact\/?p=5876"},"modified":"2019-01-31T19:44:26","modified_gmt":"2019-01-31T17:44:26","slug":"gov-md-intrevederea-cu-seful-misiunii-osce-in-republica-moldova-claus-neukirch","status":"publish","type":"post","link":"https:\/\/centers.ulbsibiu.ro\/ccsprise\/lact\/gov-md-intrevederea-cu-seful-misiunii-osce-in-republica-moldova-claus-neukirch\/","title":{"rendered":"Gov.md &#8211; \u00centrevederea cu \u0219eful Misiunii OSCE \u00een Republica Moldova Claus Neukirch"},"content":{"rendered":"<p>Ast\u0103zi, 31 ianuarie curent, \u0219eful Biroului politici de reintegrare, dl Marian Gherman a avut o \u00eentrevedere cu \u0219eful Misiunii OSCE \u00een Republica Moldova, E.S. Claus Neukirch.<br \/>\nDialogul s-a concentrat pe aspecte referitoare la procesul de negocieri pentru reglementarea transnistrean\u0103 \u0219i pe necesitatea asigur\u0103rii unei dinamici continue a interac\u021biunii \u00een cadrul tuturor platformelor de negocieri existente, cu implementarea integral\u0103 a angajamentelor asumate \u0219i identificarea unor solu\u021bii viabile la cele mai actuale probleme cu care se confrunt\u0103 locuitorii de pe ambele maluri ale Nistrului.<br \/>\nTotodat\u0103, \u00een cadrul discu\u021biilor, \u0219eful Biroului a adus \u00een aten\u021bie recentele provoc\u0103ri generate de c\u0103tre reprezentan\u021bii de la Tiraspol \u00een privin\u021ba s.Varni\u021ba din raionul Anenii Noi \u00een contextul semn\u0103rii pe 25 ianuarie curent a unei pretinse decizii \u00een care se specifica c\u0103 localitatea respectiv\u0103 se afl\u0103 sub controlul provizoriu al Republicii Moldova, fiind lansat apelul c\u0103tre Misiunea OSCE de a se implica \u00een calitate de mediator \u00een vederea convingerii p\u0103r\u021bii transnistrene de a-\u0219i revizui atitudinea, a anula a\u0219a-numita decizie men\u021bionat\u0103 \u0219i a evita tensionarea artificial\u0103 a situa\u021biei \u00een perimetrul Zonei de Securitate.<br \/>\n\u00cen context, reamintim c\u0103 problema s.Varni\u021ba se afl\u0103 \u0219i \u00een vizorul Prim-ministrului Republicii Moldova Pavel Filip, care recent a solicitat ca Ministerul Afacerilor Externe \u0219i Integr\u0103rii Europene (MAEIE) s\u0103 sesizeze reprezentan\u021bii mediatorilor \u0219i observatorilor \u00een procesul de reglementare transnistrean\u0103 pentru a utiliza poten\u021bialul formatului de negocieri \u201e5+2\u201d \u00een vederea \u00eencet\u0103rii efectelor acestei ac\u021biuni provocatoare, iar o \u0219edin\u021b\u0103 \u00een acest sens urmeaz\u0103 s\u0103 fie organizat\u0103 ast\u0103zi \u00een incinta MAEIE.<\/p>\n<p>Sursa:\u00a0<a href=\"https:\/\/gov.md\/ro\/content\/intrevederea-cu-seful-misiunii-osce-republica-moldova-claus-neukirch\">https:\/\/gov.md\/<\/a><\/p>\n","protected":false},"excerpt":{"rendered":"<p>Ast\u0103zi, 31 ianuarie curent, \u0219eful Biroului politici de reintegrare, dl Marian Gherman a avut o \u00eentrevedere cu \u0219eful Misiunii OSCE \u00een Republica Moldova, E.S. Claus Neukirch. Dialogul s-a concentrat pe aspecte referitoare la procesul de negocieri pentru reglementarea transnistrean\u0103 \u0219i pe necesitatea asigur\u0103rii unei dinamici continue a interac\u021biunii \u00een cadrul tuturor platformelor de negocieri existente,&#8230;<\/p>\n","protected":false},"author":2,"featured_media":0,"comment_status":"closed","ping_status":"open","sticky":false,"template":"","format":"standard","meta":[],"categories":[1],"tags":[],"_links":{"self":[{"href":"https:\/\/centers.ulbsibiu.ro\/ccsprise\/lact\/wp-json\/wp\/v2\/posts\/5876"}],"collection":[{"href":"https:\/\/centers.ulbsibiu.ro\/ccsprise\/lact\/wp-json\/wp\/v2\/posts"}],"about":[{"href":"https:\/\/centers.ulbsibiu.ro\/ccsprise\/lact\/wp-json\/wp\/v2\/types\/post"}],"author":[{"embeddable":true,"href":"https:\/\/centers.ulbsibiu.ro\/ccsprise\/lact\/wp-json\/wp\/v2\/users\/2"}],"replies":[{"embeddable":true,"href":"https:\/\/centers.ulbsibiu.ro\/ccsprise\/lact\/wp-json\/wp\/v2\/comments?post=5876"}],"version-history":[{"count":1,"href":"https:\/\/centers.ulbsibiu.ro\/ccsprise\/lact\/wp-json\/wp\/v2\/posts\/5876\/revisions"}],"predecessor-version":[{"id":5877,"href":"https:\/\/centers.ulbsibiu.ro\/ccsprise\/lact\/wp-json\/wp\/v2\/posts\/5876\/revisions\/5877"}],"wp:attachment":[{"href":"https:\/\/centers.ulbsibiu.ro\/ccsprise\/lact\/wp-json\/wp\/v2\/media?parent=5876"}],"wp:term":[{"taxonomy":"category","embeddable":true,"href":"https:\/\/centers.ulbsibiu.ro\/ccsprise\/lact\/wp-json\/wp\/v2\/categories?post=5876"},{"taxonomy":"post_tag","embeddable":true,"href":"https:\/\/centers.ulbsibiu.ro\/ccsprise\/lact\/wp-json\/wp\/v2\/tags?post=5876"}],"curies":[{"name":"wp","href":"https:\/\/api.w.org\/{rel}","templated":true}]}}