{"id":5874,"date":"2019-01-30T19:38:12","date_gmt":"2019-01-30T17:38:12","guid":{"rendered":"https:\/\/centers.ulbsibiu.ro\/ccsprise\/lact\/?p=5874"},"modified":"2019-01-30T19:38:12","modified_gmt":"2019-01-30T17:38:12","slug":"europalibera-org-igor-dodon-a-discutat-la-moscova-despre-participarea-cetatenilor-din-stanga-nistrului-la-alegeri-seful-statului-va-fi-primit-si-la-kremlin","status":"publish","type":"post","link":"https:\/\/centers.ulbsibiu.ro\/ccsprise\/lact\/europalibera-org-igor-dodon-a-discutat-la-moscova-despre-participarea-cetatenilor-din-stanga-nistrului-la-alegeri-seful-statului-va-fi-primit-si-la-kremlin\/","title":{"rendered":"Europalibera.org &#8211; Igor Dodon a discutat la Moscova despre participarea cet\u0103\u021benilor din st\u00e2nga Nistrului la alegeri. \u0218eful statului va fi primit \u0219i la Kremlin"},"content":{"rendered":"<p>Pre\u0219edintele Igor Dodon \u00ee\u0219i continu\u0103 vizita la Moscova, unde are, miercuri, programate \u00eentrevederi cu liderul de la Kremlin, Vladimir Putin, \u0219i cu Patriarhul Rusiei Kiril.<\/p>\n<p>Serviciul de pres\u0103 al Kremlinului a anun\u021bat c\u0103 pe agend\u0103 se afl\u0103 colaborarea comercial-economic\u0103 \u0219i umanitar\u0103, precum \u0219i \u201eunele chestiuni regionale actuale\u201d.<\/p>\n<p>\u00cen ajun, pre\u0219edintele Igor Dodon a anun\u021bat c\u0103 inten\u021bioneaz\u0103 s\u0103 discute cu Vladimir Putin despre tranzitul m\u0103rfurilor moldovene\u0219ti prin Ucraina, care a intrat sub inciden\u021ba recentelor sanc\u021biuni impuse de Rusia \u021b\u0103rii vecine. Decizia guvernului rus din octombrie anul trecut a afectat \u00een special produc\u0103torii de vin, fructe \u0219i legume din R.Moldova, c\u0103rora Rusia le anulase taxele de import pentru perioada 1 ianuarie &#8211; 30 iunie 2019, urmare a unei \u00een\u0163elegeri \u00eentre Dodon \u015fi Putin.<\/p>\n<p>Tema exporturilor moldovene\u0219ti \u00een Rusia a fost abordat\u0103 de Igor Dodon \u0219i la \u00eentrevederea de mar\u021bi cu vicepremierul rus Dmitri Kozak, care este reprezentantul Kremlinului pentru dezvoltarea rela\u021biilor comercial-economice cu Republica Moldova.<\/p>\n<p>\u00centr-o postare pe Facebook, Igor Dodon a scris c\u0103 a discutat cu vicepremierul rus \u0219i despre participarea cet\u0103\u021benilor moldoveni din regiunea transnistrean\u0103 la alegerile parlamentare din 24 februarie. \u201eAm acordat o aten\u021bie deosebit\u0103 \u0219i situa\u021biei din Transnistria. I-am adus la cuno\u0219tin\u021b\u0103 dlui Dmitrii Kozak despre \u00een\u021belegerile ob\u021binute anterior cu administra\u021bia Transnistriei cu privire la unele aspecte ale liberei particip\u0103ri la alegerile parlamentare a cet\u0103\u021benilor Republicii Moldova, care locuiesc \u00een regiunea transnistrean\u0103\u201d, a scris Dodon.<\/p>\n<p>\u00cen alegerile preziden\u021biale de la sf\u00e2r\u0219itul anului 2016, participarea masiv\u0103 a aleg\u0103torilor din regiunea transnistrean\u0103, care au putut vota doar pe malul drept al Nistrului, a avut o contribu\u021bie important\u0103 la victoria lui Igor Dodon, potrivit unor observatori independen\u021bi.<\/p>\n<p>Sursa:\u00a0<a href=\"https:\/\/moldova.europalibera.org\/a\/29741621.html\">https:\/\/moldova.europalibera.org\/<\/a><\/p>\n","protected":false},"excerpt":{"rendered":"<p>Pre\u0219edintele Igor Dodon \u00ee\u0219i continu\u0103 vizita la Moscova, unde are, miercuri, programate \u00eentrevederi cu liderul de la Kremlin, Vladimir Putin, \u0219i cu Patriarhul Rusiei Kiril. Serviciul de pres\u0103 al Kremlinului a anun\u021bat c\u0103 pe agend\u0103 se afl\u0103 colaborarea comercial-economic\u0103 \u0219i umanitar\u0103, precum \u0219i \u201eunele chestiuni regionale actuale\u201d. \u00cen ajun, pre\u0219edintele Igor Dodon a anun\u021bat c\u0103&#8230;<\/p>\n","protected":false},"author":2,"featured_media":0,"comment_status":"closed","ping_status":"open","sticky":false,"template":"","format":"standard","meta":[],"categories":[1],"tags":[],"_links":{"self":[{"href":"https:\/\/centers.ulbsibiu.ro\/ccsprise\/lact\/wp-json\/wp\/v2\/posts\/5874"}],"collection":[{"href":"https:\/\/centers.ulbsibiu.ro\/ccsprise\/lact\/wp-json\/wp\/v2\/posts"}],"about":[{"href":"https:\/\/centers.ulbsibiu.ro\/ccsprise\/lact\/wp-json\/wp\/v2\/types\/post"}],"author":[{"embeddable":true,"href":"https:\/\/centers.ulbsibiu.ro\/ccsprise\/lact\/wp-json\/wp\/v2\/users\/2"}],"replies":[{"embeddable":true,"href":"https:\/\/centers.ulbsibiu.ro\/ccsprise\/lact\/wp-json\/wp\/v2\/comments?post=5874"}],"version-history":[{"count":1,"href":"https:\/\/centers.ulbsibiu.ro\/ccsprise\/lact\/wp-json\/wp\/v2\/posts\/5874\/revisions"}],"predecessor-version":[{"id":5875,"href":"https:\/\/centers.ulbsibiu.ro\/ccsprise\/lact\/wp-json\/wp\/v2\/posts\/5874\/revisions\/5875"}],"wp:attachment":[{"href":"https:\/\/centers.ulbsibiu.ro\/ccsprise\/lact\/wp-json\/wp\/v2\/media?parent=5874"}],"wp:term":[{"taxonomy":"category","embeddable":true,"href":"https:\/\/centers.ulbsibiu.ro\/ccsprise\/lact\/wp-json\/wp\/v2\/categories?post=5874"},{"taxonomy":"post_tag","embeddable":true,"href":"https:\/\/centers.ulbsibiu.ro\/ccsprise\/lact\/wp-json\/wp\/v2\/tags?post=5874"}],"curies":[{"name":"wp","href":"https:\/\/api.w.org\/{rel}","templated":true}]}}