{"id":5870,"date":"2019-01-30T19:29:56","date_gmt":"2019-01-30T17:29:56","guid":{"rendered":"https:\/\/centers.ulbsibiu.ro\/ccsprise\/lact\/?p=5870"},"modified":"2019-01-30T19:29:56","modified_gmt":"2019-01-30T17:29:56","slug":"infotag-md-mae-al-transnistriei-a-explicat-sarcinile-si-functiile-reprezentantei-sale-oficiale-la-moscova","status":"publish","type":"post","link":"https:\/\/centers.ulbsibiu.ro\/ccsprise\/lact\/infotag-md-mae-al-transnistriei-a-explicat-sarcinile-si-functiile-reprezentantei-sale-oficiale-la-moscova\/","title":{"rendered":"Infotag.md &#8211; MAE AL TRANSNISTRIEI A EXPLICAT SARCINILE \u015eI FUNC\u0162IILE REPREZENTAN\u0162EI SALE OFICIALE LA MOSCOVA"},"content":{"rendered":"<p>MAE al Transnistriei a confirmat c\u0103, pe 22 ianuarie, la Moscova a fost deschis\u0103 &#8220;Reprezentan\u0163a oficial\u0103 a Republicii Moldovene\u015fti Nistrene \u00een Federa\u0163ia Rus\u0103&#8221;.<br \/>\nPotrivit agen\u0163iei INFOTAG cu referire la site-ul MAE al regiunii, reprezentan\u0163a este &#8220;un element al sistemului organelor serviciului diplomatic \u015fi \u00eendepline\u015fte urm\u0103toarele func\u0163ii: reprezentarea RMN \u00een rela\u0163iile cu \u0163\u0103rile str\u0103ine \u015fi cu organiza\u0163iile interna\u0163ionale; participarea la asigurarea elabor\u0103rii politicilor \u015fi m\u0103surilor de extindere a rela\u0163iilor comerciale, economice \u015fi financiare, a schimburilor \u015ftiin\u0163ifice, tehnice, culturale \u015fi de alt\u0103 natur\u0103 cu \u0163\u0103rile str\u0103ine \u015fi organiza\u0163iile interna\u0163ionale; realizarea colect\u0103rii \u015fi prelucr\u0103rii informa\u0163iilor, preg\u0103tirea notelor informativ-analitice, tabelurilor, rapoartelor privind situa\u0163ia socio-politic\u0103 \u015fi socio-economic\u0103 \u00een str\u0103in\u0103tate, prezentarea acestora spre examinare pre\u015fedintelui RMN&#8221;.<br \/>\nTotodat\u0103, aceasta are drept scop &#8220;s\u0103 asigure participarea RMN la activitatea diferitelor organiza\u0163ii interna\u0163ionale \u015fi regionale, la conferin\u0163e \u015fi forumuri; s\u0103 promoveze diseminarea \u00een str\u0103in\u0103tate a informa\u0163iilor despre politica extern\u0103 \u015fi intern\u0103 a RMN, despre via\u0163a socio-economic\u0103, cultural\u0103 \u015fi spiritual\u0103 a \u0163\u0103rii&#8221;.<br \/>\nDe asemenea, reprezentan\u0163a &#8220;va contribui la promovarea bunurilor \u015fi serviciilor transnistrene pe pia\u0163a interna\u0163ional\u0103&#8221;.<br \/>\nPe site-ul MAE sunt enumerate \u015fi sarcinile reprezentan\u0163ei, inclusiv &#8220;men\u0163inerea contactelor directe cu autorit\u0103\u0163ile de la Moscova, schimbul de informa\u0163ii \u00eentre institu\u0163iile din Transnistria \u015fi Rusia, p\u0103strarea \u015fi dezvoltarea culturii popoarelor Transnistriei \u015fi integrarea sa \u00een cultura rus\u0103 \u015fi mondial\u0103&#8221;.<br \/>\nAutorit\u0103\u0163ile Moldovei au condamnat deschiderea reprezentan\u0163ei transnistrene la Moscova, men\u0163ion\u00e2nd c\u0103 aceasta &#8220;aduce un prejudiciu rela\u0163iilor bilaterale moldo-ruse&#8221;.<br \/>\n&#8220;Astfel de ac\u0163iuni submineaz\u0103 suveranitatea \u015fi integritatea teritorial\u0103 a Republicii Moldova, iar MAEIE aminte\u015fte c\u0103 \u00een favoarea respect\u0103rii principiilor amintite mai sus, conducerea Federa\u0163iei Ruse s-a pronun\u0163at deschis \u015fi univoc \u00een repetate r\u00e2nduri&#8221;, se arat\u0103 \u00een declara\u0163ia Ministerului Afacerilor Externe \u015fi Integr\u0103rii Europene.<\/p>\n<p>Sursa:\u00a0<a href=\"http:\/\/www.infotag.md\/rebelion-ro\/271863\/\">http:\/\/www.infotag.md\/<\/a><\/p>\n","protected":false},"excerpt":{"rendered":"<p>MAE al Transnistriei a confirmat c\u0103, pe 22 ianuarie, la Moscova a fost deschis\u0103 &#8220;Reprezentan\u0163a oficial\u0103 a Republicii Moldovene\u015fti Nistrene \u00een Federa\u0163ia Rus\u0103&#8221;. Potrivit agen\u0163iei INFOTAG cu referire la site-ul MAE al regiunii, reprezentan\u0163a este &#8220;un element al sistemului organelor serviciului diplomatic \u015fi \u00eendepline\u015fte urm\u0103toarele func\u0163ii: reprezentarea RMN \u00een rela\u0163iile cu \u0163\u0103rile str\u0103ine \u015fi cu&#8230;<\/p>\n","protected":false},"author":2,"featured_media":0,"comment_status":"closed","ping_status":"open","sticky":false,"template":"","format":"standard","meta":[],"categories":[1],"tags":[],"_links":{"self":[{"href":"https:\/\/centers.ulbsibiu.ro\/ccsprise\/lact\/wp-json\/wp\/v2\/posts\/5870"}],"collection":[{"href":"https:\/\/centers.ulbsibiu.ro\/ccsprise\/lact\/wp-json\/wp\/v2\/posts"}],"about":[{"href":"https:\/\/centers.ulbsibiu.ro\/ccsprise\/lact\/wp-json\/wp\/v2\/types\/post"}],"author":[{"embeddable":true,"href":"https:\/\/centers.ulbsibiu.ro\/ccsprise\/lact\/wp-json\/wp\/v2\/users\/2"}],"replies":[{"embeddable":true,"href":"https:\/\/centers.ulbsibiu.ro\/ccsprise\/lact\/wp-json\/wp\/v2\/comments?post=5870"}],"version-history":[{"count":1,"href":"https:\/\/centers.ulbsibiu.ro\/ccsprise\/lact\/wp-json\/wp\/v2\/posts\/5870\/revisions"}],"predecessor-version":[{"id":5871,"href":"https:\/\/centers.ulbsibiu.ro\/ccsprise\/lact\/wp-json\/wp\/v2\/posts\/5870\/revisions\/5871"}],"wp:attachment":[{"href":"https:\/\/centers.ulbsibiu.ro\/ccsprise\/lact\/wp-json\/wp\/v2\/media?parent=5870"}],"wp:term":[{"taxonomy":"category","embeddable":true,"href":"https:\/\/centers.ulbsibiu.ro\/ccsprise\/lact\/wp-json\/wp\/v2\/categories?post=5870"},{"taxonomy":"post_tag","embeddable":true,"href":"https:\/\/centers.ulbsibiu.ro\/ccsprise\/lact\/wp-json\/wp\/v2\/tags?post=5870"}],"curies":[{"name":"wp","href":"https:\/\/api.w.org\/{rel}","templated":true}]}}