{"id":5868,"date":"2019-01-29T18:30:07","date_gmt":"2019-01-29T16:30:07","guid":{"rendered":"https:\/\/centers.ulbsibiu.ro\/ccsprise\/lact\/?p=5868"},"modified":"2019-01-29T18:30:07","modified_gmt":"2019-01-29T16:30:07","slug":"publika-md-pavel-filip-solicita-sesizarea-reprezentantilor-mediatorilor-si-observatorilor-in-procesul-de-reglementare-transnistreana-vizavi-de-cazul-satului-varnita","status":"publish","type":"post","link":"https:\/\/centers.ulbsibiu.ro\/ccsprise\/lact\/publika-md-pavel-filip-solicita-sesizarea-reprezentantilor-mediatorilor-si-observatorilor-in-procesul-de-reglementare-transnistreana-vizavi-de-cazul-satului-varnita\/","title":{"rendered":"Publika.md &#8211; Pavel Filip solicit\u0103 sesizarea reprezentan\u021bilor mediatorilor \u0219i observatorilor \u00een procesul de reglementare transnistrean\u0103 vizavi de cazul satului Varni\u021ba"},"content":{"rendered":"<p class=\"x_MsoNormal\">Prim-ministrul Pavel Filip a solicitat Ministerului Afacerilor Externe \u0219i Integr\u0103rii Europene (MAEIE) s\u0103 sesizeze reprezentan\u021bii mediatorilor \u0219i observatorilor \u00een procesul de reglementare transnistrean\u0103 \u00een leg\u0103tur\u0103 cu unele abord\u0103ri provocatoare \u00eentreprinse recent de c\u0103tre a\u0219a-numitele structuri din regiunea transnistrean\u0103 \u00een privin\u021ba satului Varni\u021ba, Anenii Noi.<\/p>\n<p class=\"x_MsoNormal\"><strong>Pe 25 ianuarie curent, liderul de la Tiraspol a semnat o a\u0219a-numit\u0103 decizie \u00een care se men\u021bioneaz\u0103 precum c\u0103 satul Varni\u021ba s-ar afla temporar sub controlul Republicii Moldova, iar func\u021biile sunt exercitate de pretinsele structuri locale din satul Proteagailovca.<\/strong><\/p>\n<p class=\"x_MsoNormal\">MAEIE urmeaz\u0103 s\u0103 se adreseze reprezentan\u021bilor din partea OSCE, a Federa\u021biei Ruse, Ucrainei, UE \u0219i SUA pentru a utiliza poten\u021bialul formatului de negocieri \u201e5+2\u201d \u00een vederea \u00eencet\u0103rii efectelor acestei ac\u021biuni provocatoare.<\/p>\n<p class=\"x_MsoNormal\">Concomitent, urmeaz\u0103 s\u0103 fie examinat\u0103 oportunitatea abord\u0103rii subiectului \u00een cauz\u0103 \u00een cadrul urm\u0103toarei \u0219edin\u021be a Consiliului Permanent al OSCE la Viena.<\/p>\n<p>Cite\u0219te mai mult: <a href=\"https:\/\/www.publika.md\/pavel-filip-solicita-sesizarea-reprezentantilor-mediatorilor-si-observatorilor-in-procesul-de-reglementare-transnistreana-vizavi-de-cazul-satului-varnita_3032359.html#ixzz5e0ypoOOn\">https:\/\/www.publika.md\/pavel-filip-solicita-sesizarea-reprezentantilor-mediatorilor-si-observatorilor-in-procesul-de-reglementare-transnistreana-vizavi-de-cazul-satului-varnita_3032359.html#ixzz5e0ypoOOn<\/a><br \/>\nFollow us: <a href=\"https:\/\/ec.tynt.com\/b\/rw?id=dWcNF856Wr5OkPrkHcnlKl&amp;u=publikatv\" target=\"_blank\" rel=\"noopener\">@publikatv on Twitter<\/a> | <a href=\"https:\/\/ec.tynt.com\/b\/rf?id=dWcNF856Wr5OkPrkHcnlKl&amp;u=publika.md\" target=\"_blank\" rel=\"noopener\">publika.md on Facebook<\/a><\/p>\n","protected":false},"excerpt":{"rendered":"<p>Prim-ministrul Pavel Filip a solicitat Ministerului Afacerilor Externe \u0219i Integr\u0103rii Europene (MAEIE) s\u0103 sesizeze reprezentan\u021bii mediatorilor \u0219i observatorilor \u00een procesul de reglementare transnistrean\u0103 \u00een leg\u0103tur\u0103 cu unele abord\u0103ri provocatoare \u00eentreprinse recent de c\u0103tre a\u0219a-numitele structuri din regiunea transnistrean\u0103 \u00een privin\u021ba satului Varni\u021ba, Anenii Noi. Pe 25 ianuarie curent, liderul de la Tiraspol a semnat o&#8230;<\/p>\n","protected":false},"author":2,"featured_media":0,"comment_status":"closed","ping_status":"open","sticky":false,"template":"","format":"standard","meta":[],"categories":[1],"tags":[],"_links":{"self":[{"href":"https:\/\/centers.ulbsibiu.ro\/ccsprise\/lact\/wp-json\/wp\/v2\/posts\/5868"}],"collection":[{"href":"https:\/\/centers.ulbsibiu.ro\/ccsprise\/lact\/wp-json\/wp\/v2\/posts"}],"about":[{"href":"https:\/\/centers.ulbsibiu.ro\/ccsprise\/lact\/wp-json\/wp\/v2\/types\/post"}],"author":[{"embeddable":true,"href":"https:\/\/centers.ulbsibiu.ro\/ccsprise\/lact\/wp-json\/wp\/v2\/users\/2"}],"replies":[{"embeddable":true,"href":"https:\/\/centers.ulbsibiu.ro\/ccsprise\/lact\/wp-json\/wp\/v2\/comments?post=5868"}],"version-history":[{"count":1,"href":"https:\/\/centers.ulbsibiu.ro\/ccsprise\/lact\/wp-json\/wp\/v2\/posts\/5868\/revisions"}],"predecessor-version":[{"id":5869,"href":"https:\/\/centers.ulbsibiu.ro\/ccsprise\/lact\/wp-json\/wp\/v2\/posts\/5868\/revisions\/5869"}],"wp:attachment":[{"href":"https:\/\/centers.ulbsibiu.ro\/ccsprise\/lact\/wp-json\/wp\/v2\/media?parent=5868"}],"wp:term":[{"taxonomy":"category","embeddable":true,"href":"https:\/\/centers.ulbsibiu.ro\/ccsprise\/lact\/wp-json\/wp\/v2\/categories?post=5868"},{"taxonomy":"post_tag","embeddable":true,"href":"https:\/\/centers.ulbsibiu.ro\/ccsprise\/lact\/wp-json\/wp\/v2\/tags?post=5868"}],"curies":[{"name":"wp","href":"https:\/\/api.w.org\/{rel}","templated":true}]}}