{"id":5864,"date":"2019-01-26T09:25:45","date_gmt":"2019-01-26T07:25:45","guid":{"rendered":"https:\/\/centers.ulbsibiu.ro\/ccsprise\/lact\/?p=5864"},"modified":"2019-01-26T09:25:45","modified_gmt":"2019-01-26T07:25:45","slug":"deschide-md-chisinaul-ia-atitudine-ambasadorul-rus-a-fost-convocat-la-maeie","status":"publish","type":"post","link":"https:\/\/centers.ulbsibiu.ro\/ccsprise\/lact\/deschide-md-chisinaul-ia-atitudine-ambasadorul-rus-a-fost-convocat-la-maeie\/","title":{"rendered":"Deschide.md &#8211; Chi\u0219in\u0103ul ia atitudine. Ambasadorul rus a fost convocat la MAEIE"},"content":{"rendered":"<p>Ambasadorul Federa\u021biei Ruse la Chi\u0219in\u0103u, Oleg Vasne\u021bov, a fost convocat la Ministerul Afacerilor Externe \u0219i Integr\u0103rii Europene pentru explica\u021bii \u00een leg\u0103tur\u0103 cu deschiderea la Moscova a a\u0219a-numitei reprezentan\u021be a Transnistriei \u00een Rusia. Diplomatul rus a explicat c\u0103 oficiul are rolul de funda\u021bie non-profit, ce va oferi aisten\u021b\u0103 juridic\u0103 locuitorilor din regiunea separatist\u0103. Totodat\u0103, oficiul a fost \u00eenregistrat la Ministerul Justi\u021biei din Federa\u021bia Rus\u0103.<br \/>\n\u00cen leg\u0103tur\u0103 cu \u015ftirile vehiculate \u00een mass-media local\u0103 din raioanele de Est ale \u0163\u0103rii privind deschiderea la Moscova a unei \u201ereprezentan\u0163e\u201d a Transnistriei, MAEIE anun\u0163\u0103 c\u0103, premerg\u0103tor declara\u0163iilor lansate \u00een spa\u0163iul public, \u00een data de 18 ianuarie a.c., Ministerul a convocat ambasadorul Federa\u0163iei Ruse la Chi\u015fin\u0103u, Oleg Vasne\u0163ov, care a comunicat c\u0103 a\u015fa-zisa \u201ereprezentan\u0163\u0103\u201d presupune o organiza\u0163ie non-profit, ce va presta servicii de asisten\u0163\u0103 juridic\u0103 locuitorilor din regiunea trransnistrean\u0103, dar nu numai, \u015fi care, \u00een virtutea legisla\u0163iei ruse, a fost \u00eenregistrat\u0103 la Ministerul Justi\u0163iei. Ca urmare a discu\u0163iei, \u00een data de 21 ianuarie, a ap\u0103rut comentariul MAE al Rusiei, cu explica\u0163iile de rigoare.<br \/>\nTotodat\u0103, MAEIE a solicitat, prin intermediul Ambasadei Republicii Moldova de la Moscova, clarificarea statutului funda\u021biei pentru dezvoltarea rela\u021biilor sociale \u0219i culturale \u201eTransnistria&#8221;, careia liderii de la Tiraspol, sprijinite de mass-media din regiune, \u00eei atribuie statut de \u201ereprezentan\u0163\u0103 diplomatic\u0103\u201d \u015fi de \u201ereprezentan\u0163\u0103 oficial\u0103\u201d, titulatur\u0103 ce apare, de altfel, pe frontispiciul organiza\u0163iei.<br \/>\nMinisterul de Externe atrage aten\u0163ia asupra faptului c\u0103 statutul de \u201ereprezentan\u0163\u0103 oficial\u0103\u201d are o semnifica\u0163ie definitorie pentru contextul rela\u0163iilor diplomatice, \u00een a\u015fa fel fiind adus un prejudiciu rela\u0163iilor bilaterale moldo-ruse. Astfel de ac\u0163iuni submineaz\u0103 suveranitatea \u015fi integritatea teritorial\u0103 a Republicii Moldova, iar MAEIE aminte\u015fte c\u0103, \u00een favoarea respect\u0103rii principiilor amintite mai sus, conducerea Federa\u0163iei Ruse s-a pronun\u0163at deschis \u015fi univoc \u00een repetate r\u00e2nduri.<br \/>\nMAEIE face apel la autorit\u0103\u0163ile Federa\u0163iei Ruse s\u0103 asigure respectarea deplin\u0103 a cadrului legislativ intern \u015fi cel interna\u0163ional, deopotriv\u0103, \u00een lumina discu\u0163iilor petrecute, pentru a evita orice confuzii \u015fi specula\u0163ii \u00een m\u0103sur\u0103 s\u0103 prejudicieze rela\u0163iile bilaterale dintre \u0163\u0103rile noastre.<\/p>\n<p>Sursa:\u00a0<a href=\"https:\/\/deschide.md\/ro\/stiri\/23\/43220\/Chi\u0219in\u0103ul-ia-atitudine-Ambasadorul-rus-a-fost-convocat-la-MAEIE.htm?fbclid=IwAR1bhbiwzqAcvl47pTjrGg-Q6u4qS6MBeD6OrGxxL7_w7g0ndcgMjMlarrQ\">https:\/\/deschide.md\/<\/a><\/p>\n","protected":false},"excerpt":{"rendered":"<p>Ambasadorul Federa\u021biei Ruse la Chi\u0219in\u0103u, Oleg Vasne\u021bov, a fost convocat la Ministerul Afacerilor Externe \u0219i Integr\u0103rii Europene pentru explica\u021bii \u00een leg\u0103tur\u0103 cu deschiderea la Moscova a a\u0219a-numitei reprezentan\u021be a Transnistriei \u00een Rusia. Diplomatul rus a explicat c\u0103 oficiul are rolul de funda\u021bie non-profit, ce va oferi aisten\u021b\u0103 juridic\u0103 locuitorilor din regiunea separatist\u0103. Totodat\u0103, oficiul a&#8230;<\/p>\n","protected":false},"author":2,"featured_media":0,"comment_status":"closed","ping_status":"open","sticky":false,"template":"","format":"standard","meta":[],"categories":[1],"tags":[],"_links":{"self":[{"href":"https:\/\/centers.ulbsibiu.ro\/ccsprise\/lact\/wp-json\/wp\/v2\/posts\/5864"}],"collection":[{"href":"https:\/\/centers.ulbsibiu.ro\/ccsprise\/lact\/wp-json\/wp\/v2\/posts"}],"about":[{"href":"https:\/\/centers.ulbsibiu.ro\/ccsprise\/lact\/wp-json\/wp\/v2\/types\/post"}],"author":[{"embeddable":true,"href":"https:\/\/centers.ulbsibiu.ro\/ccsprise\/lact\/wp-json\/wp\/v2\/users\/2"}],"replies":[{"embeddable":true,"href":"https:\/\/centers.ulbsibiu.ro\/ccsprise\/lact\/wp-json\/wp\/v2\/comments?post=5864"}],"version-history":[{"count":1,"href":"https:\/\/centers.ulbsibiu.ro\/ccsprise\/lact\/wp-json\/wp\/v2\/posts\/5864\/revisions"}],"predecessor-version":[{"id":5865,"href":"https:\/\/centers.ulbsibiu.ro\/ccsprise\/lact\/wp-json\/wp\/v2\/posts\/5864\/revisions\/5865"}],"wp:attachment":[{"href":"https:\/\/centers.ulbsibiu.ro\/ccsprise\/lact\/wp-json\/wp\/v2\/media?parent=5864"}],"wp:term":[{"taxonomy":"category","embeddable":true,"href":"https:\/\/centers.ulbsibiu.ro\/ccsprise\/lact\/wp-json\/wp\/v2\/categories?post=5864"},{"taxonomy":"post_tag","embeddable":true,"href":"https:\/\/centers.ulbsibiu.ro\/ccsprise\/lact\/wp-json\/wp\/v2\/tags?post=5864"}],"curies":[{"name":"wp","href":"https:\/\/api.w.org\/{rel}","templated":true}]}}